{"id":17673,"date":"2025-02-10T15:17:30","date_gmt":"2025-02-10T12:17:30","guid":{"rendered":"https:\/\/www.egemtv.com\/?p=17673"},"modified":"2025-02-10T15:17:38","modified_gmt":"2025-02-10T12:17:38","slug":"hayirsever-tarafindan-yapilan-naime-nori-demir-imam-hatip-ortaokulu-torenle-acildi","status":"publish","type":"post","link":"https:\/\/www.egemtv.com\/?p=17673","title":{"rendered":"Hay\u0131rsever taraf\u0131ndan yap\u0131lan Naime-Nori Demir \u0130mam Hatip Ortaokulu t\u00f6renle a\u00e7\u0131ld\u0131"},"content":{"rendered":"<p>U\u015fak\u2019ta hay\u0131rsever Nori Demir taraf\u0131ndan yapt\u0131r\u0131lan Naime-Nori Demir \u0130mam Hatip Ortaokulu Vali Akta\u015f\u2019\u0131n ve protokol \u00fcyelerinin kat\u0131ld\u0131\u011f\u0131 t\u00f6renle a\u00e7\u0131ld\u0131.<\/p>\n<p>A\u00e7\u0131l\u0131\u015f t\u00f6renine, U\u015fak Valisi Naci Akta\u015f, U\u015fak AK Parti Milletvekilleri \u0130smail G\u00fcne\u015f ve Fahrettin Tu\u011frul, U\u015fak Belediye Ba\u015fkan\u0131 \u00d6zkan Yal\u0131m, \u0130l Emniyet M\u00fcd\u00fcr\u00fc Mehmet Ali Kolcu, \u0130l Jandarma Komutan\u0131 K\u0131demli Albay Fahri Semiz, \u0130l Milli E\u011fitim M\u00fcd\u00fcr\u00fc Halil Y\u00fccel, Hay\u0131rsever Nori Demir ve e\u015fi Naime Demir, kurum m\u00fcd\u00fcrleri ve vatanda\u015flar kat\u0131ld\u0131.<\/p>\n<p>T\u00f6ren Sayg\u0131 Duru\u015fu ve \u0130stiklal Mar\u015f\u0131yla ba\u015flamas\u0131n\u0131n ard\u0131ndan konu\u015fma yapan U\u015fak Valisi Naci Akta\u015f, &#8220;Buraya gelmeden \u00f6nce ilimizde hay\u0131rseverlerin yapt\u0131\u011f\u0131 okullar ile ilgili veri alarak geldim. Son 40 y\u0131lda bir k\u0131sm\u0131 ek ders olmakla birlikte 59 tane okul yapm\u0131\u015f\u0131z. Bu ilimizin ne kadar e\u011fitim ve hay\u0131rsever oldu\u011funu g\u00f6steriyor. Bu anlamda katk\u0131da bulunan t\u00fcm hay\u0131rseverlerimize te\u015fekk\u00fcr ediyorum. \u00d6zellikle te\u015fekk\u00fcr\u00fc Naime teyzemize ve Nori amcam\u0131za yap\u0131yorum. Allah hepsinden raz\u0131 olsun. Duam, temennim ve dile\u011fim buradan ilimize, \u00fclkemize ve milletimize hay\u0131rl\u0131 ba\u015far\u0131l\u0131 evlatlar yeti\u015fmesidir.&#8221; dedi.<\/p>\n<p>Okul yapt\u0131rman\u0131n m\u00fcthi\u015f bir duygu oldu\u011funu ve en b\u00fcy\u00fck zenginlik oldu\u011funu s\u00f6yleyen U\u015fak Belediye Ba\u015fkan\u0131 \u00d6zkan Yal\u0131m; &#8220;E\u011fitim yuvas\u0131 ger\u00e7ekten b\u00fcy\u00fck \u00f6nemli bir varl\u0131\u011f\u0131m\u0131z. \u00c7ocuklar\u0131m\u0131z\u0131n gelece\u011fi bizim en \u00e7ok zenginli\u011fimiz. \u00c7ocuklar\u0131m\u0131z\u0131n \u00fclkemize, vatan\u0131m\u0131za ve milletimize hay\u0131rl\u0131 evlat yeti\u015ftirmemiz bizimde bir gelece\u011fimiz demektir. B\u00fct\u00fcn evlatlar\u0131m\u0131z\u0131n do\u011fru bir \u015fekilde yeti\u015ftirmek i\u00e7in Nori amcam\u0131za ve ailesine te\u015fekk\u00fcr ediyorum. Okulumuzun ba\u015fta velilerimize ve \u00f6\u011frencilerimize hay\u0131rl\u0131 olmas\u0131n\u0131 diliyorum.&#8221; dedi.<br \/>\n<br \/>Bir okul yapt\u0131rman\u0131n hayali oldu\u011funu dile getiren Hay\u0131rsever Nori Demir; &#8220;Hayat\u0131m boyunca, b\u00f6yle bir hay\u0131r i\u015fine vesile olmay\u0131 hayal ettim. Bug\u00fcn bu hayalimin ger\u00e7ekle\u015fmesine tan\u0131kl\u0131k etmenin mutlulu\u011funu ya\u015f\u0131yorum. Rabbime bu g\u00fczel g\u00fcn\u00fc bana nasip etti\u011fi i\u00e7in \u015f\u00fckrediyorum. Bu s\u00fcre\u00e7te en b\u00fcy\u00fck destek\u00e7ilerim olan e\u015fime, o\u011fullar\u0131ma, gelinime ve torunlar\u0131ma y\u00fcrekten te\u015fekk\u00fcr ediyorum. Ayr\u0131ca okulun yap\u0131m\u0131nda eme\u011fi ge\u00e7en hepsine minnettar\u0131m, Allah hepsinden raz\u0131 olsun. Bu hay\u0131r i\u015fimizin herkese ilham vermesini diliyorum.&#8221; dedi.<br \/>\n<br \/>E\u011fitime sunulan her katk\u0131, asl\u0131nda bir insan yeti\u015ftirmeye yap\u0131lan en b\u00fcy\u00fck yat\u0131r\u0131m oldu\u011fu ve bu vesileyle hay\u0131rsever Nori Demir ve ailesine te\u015fekk\u00fcr etti\u011fini dile getiren \u0130l Milli E\u011fitim M\u00fcd\u00fcr\u00fc Halil Y\u00fccel; &#8220;Bu okul, sadece akademik ba\u015far\u0131ya odaklanan bir kurum olman\u0131n \u00f6tesinde, mill\u00ee ve manevi de\u011ferlerine ba\u011fl\u0131, ahlakl\u0131 ve donan\u0131ml\u0131 bireyler yeti\u015ftirmeyi ama\u00e7layan bir e\u011fitim yuvas\u0131d\u0131r. Y\u00fcce kitab\u0131m\u0131z Kur\u2019an-\u0131 Kerim\u2019in nuruyla g\u00f6n\u00fcllerini ayd\u0131nlatan, ayetlerin hikmetini ve mesaj\u0131n\u0131 kalplerinde ta\u015f\u0131yan \u00f6\u011frencilerimiz, haf\u0131zl\u0131k e\u011fitimiyle hem ilim hem de irfan sahibi olacakt\u0131r. Kutsal kitab\u0131m\u0131z\u0131 ezberleyerek yaln\u0131zca zihinlerini geli\u015ftirmekle kalmayacak, ruhlar\u0131n\u0131 da bilgiyle besleyecekler; ald\u0131klar\u0131 bu k\u0131ymetli e\u011fitimle hayatlar\u0131n\u0131n her alan\u0131nda birer rehber h\u00e2line geleceklerdir. dedi.<\/p>\n<p>12 s\u0131n\u0131fl\u0131 olan Naime-Nori Demir \u0130mam Hatip Ortaokulu protokol \u00fcyelerin kurdeleyi kesmesiyle a\u00e7\u0131ld\u0131. Ard\u0131ndan protokol \u00fcyeleri okulu gezerek \u00f6\u011frencilerle sohbet ettiler.<br \/><\/p>\n","protected":false},"excerpt":{"rendered":"<p>U\u015fak\u2019ta hay\u0131rsever Nori Demir taraf\u0131ndan yapt\u0131r\u0131lan Naime-Nori Demir \u0130mam Hatip Ortaokulu Vali Akta\u015f\u2019\u0131n ve protokol \u00fcyelerinin kat\u0131ld\u0131\u011f\u0131 t\u00f6renle a\u00e7\u0131ld\u0131. A\u00e7\u0131l\u0131\u015f t\u00f6renine, U\u015fak Valisi Naci Akta\u015f, U\u015fak AK Parti Milletvekilleri \u0130smail G\u00fcne\u015f ve Fahrettin Tu\u011frul, U\u015fak Belediye Ba\u015fkan\u0131 \u00d6zkan Yal\u0131m, \u0130l Emniyet M\u00fcd\u00fcr\u00fc Mehmet Ali Kolcu, \u0130l Jandarma Komutan\u0131 K\u0131demli Albay Fahri Semiz, \u0130l Milli E\u011fitim&#8230;<\/p>\n","protected":false},"author":1,"featured_media":17674,"comment_status":"open","ping_status":"open","sticky":false,"template":"","format":"standard","meta":{"_crdt_document":"","footnotes":""},"categories":[1],"tags":[],"class_list":["post-17673","post","type-post","status-publish","format-standard","has-post-thumbnail","hentry","category-guncel"],"_links":{"self":[{"href":"https:\/\/www.egemtv.com\/index.php?rest_route=\/wp\/v2\/posts\/17673","targetHints":{"allow":["GET"]}}],"collection":[{"href":"https:\/\/www.egemtv.com\/index.php?rest_route=\/wp\/v2\/posts"}],"about":[{"href":"https:\/\/www.egemtv.com\/index.php?rest_route=\/wp\/v2\/types\/post"}],"author":[{"embeddable":true,"href":"https:\/\/www.egemtv.com\/index.php?rest_route=\/wp\/v2\/users\/1"}],"replies":[{"embeddable":true,"href":"https:\/\/www.egemtv.com\/index.php?rest_route=%2Fwp%2Fv2%2Fcomments&post=17673"}],"version-history":[{"count":1,"href":"https:\/\/www.egemtv.com\/index.php?rest_route=\/wp\/v2\/posts\/17673\/revisions"}],"predecessor-version":[{"id":17675,"href":"https:\/\/www.egemtv.com\/index.php?rest_route=\/wp\/v2\/posts\/17673\/revisions\/17675"}],"wp:featuredmedia":[{"embeddable":true,"href":"https:\/\/www.egemtv.com\/index.php?rest_route=\/wp\/v2\/media\/17674"}],"wp:attachment":[{"href":"https:\/\/www.egemtv.com\/index.php?rest_route=%2Fwp%2Fv2%2Fmedia&parent=17673"}],"wp:term":[{"taxonomy":"category","embeddable":true,"href":"https:\/\/www.egemtv.com\/index.php?rest_route=%2Fwp%2Fv2%2Fcategories&post=17673"},{"taxonomy":"post_tag","embeddable":true,"href":"https:\/\/www.egemtv.com\/index.php?rest_route=%2Fwp%2Fv2%2Ftags&post=17673"}],"curies":[{"name":"wp","href":"https:\/\/api.w.org\/{rel}","templated":true}]}}