{"id":17670,"date":"2025-02-10T15:17:18","date_gmt":"2025-02-10T12:17:18","guid":{"rendered":"https:\/\/www.egemtv.com\/?p=17670"},"modified":"2025-02-10T15:17:24","modified_gmt":"2025-02-10T12:17:24","slug":"izmirde-silahli-ve-bicakli-pazar-esnafi-kavgasi-6-yarali","status":"publish","type":"post","link":"https:\/\/www.egemtv.com\/?p=17670","title":{"rendered":"\u0130zmir\u2019de silahl\u0131 ve b\u0131\u00e7akl\u0131 pazar esnaf\u0131 kavgas\u0131: 6 yaral\u0131"},"content":{"rendered":"<p>\u0130zmir\u2019in Bornova il\u00e7esinde pazar esnaf\u0131 aras\u0131nda \u00e7\u0131kan silahl\u0131 ve b\u0131\u00e7akl\u0131 kavgada yaralanan 6 ki\u015fi hastaneye kald\u0131r\u0131ld\u0131.<br \/>\n<br \/>Olay d\u00fcn ak\u015fam saatlerinde \u00c7amdibi Kapal\u0131 Pazaryeri\u2019nde meydana geldi. \u0130ki grup aras\u0131nda yer anla\u015fmazl\u0131\u011f\u0131 nedeniyle \u00e7\u0131kt\u0131\u011f\u0131 \u00f6ne s\u00fcr\u00fclen tart\u0131\u015fma b\u00fcy\u00fcyerek kavgaya d\u00f6n\u00fc\u015ft\u00fc. Tabanca ve b\u0131\u00e7aklar\u0131n kullan\u0131ld\u0131\u011f\u0131 kavgada karde\u015f olduklar\u0131 \u00f6\u011frenilen M.A., Y.A. ve M.A. ile A.B., K.B. ve F.V., tabanca ve b\u0131\u00e7akla \u00e7e\u015fitli yerlerinden yaraland\u0131. Kavgan\u0131n bildirilmesi \u00fczerine olay yerine gelen polis \u00e7evre g\u00fcvenli\u011fini sa\u011flay\u0131p \u00e7al\u0131\u015fma ba\u015flat\u0131rken, sa\u011fl\u0131k ekipleri taraf\u0131ndan yaral\u0131lar ambulansla \u00e7e\u015fitli hastanelere sevk edildi.<br \/>\n<br \/>Bornova \u0130l\u00e7e Emniyet M\u00fcd\u00fcrl\u00fc\u011f\u00fcne ba\u011fl\u0131 ekipler olaya kar\u0131\u015fan t\u00fcm \u015f\u00fcphelilerin yakalanmas\u0131 i\u00e7in \u00e7al\u0131\u015fma ba\u015flatt\u0131.<br \/><\/p>\n","protected":false},"excerpt":{"rendered":"<p>\u0130zmir\u2019in Bornova il\u00e7esinde pazar esnaf\u0131 aras\u0131nda \u00e7\u0131kan silahl\u0131 ve b\u0131\u00e7akl\u0131 kavgada yaralanan 6 ki\u015fi hastaneye kald\u0131r\u0131ld\u0131. Olay d\u00fcn ak\u015fam saatlerinde \u00c7amdibi Kapal\u0131 Pazaryeri\u2019nde meydana geldi. \u0130ki grup aras\u0131nda yer anla\u015fmazl\u0131\u011f\u0131 nedeniyle \u00e7\u0131kt\u0131\u011f\u0131 \u00f6ne s\u00fcr\u00fclen tart\u0131\u015fma b\u00fcy\u00fcyerek kavgaya d\u00f6n\u00fc\u015ft\u00fc. Tabanca ve b\u0131\u00e7aklar\u0131n kullan\u0131ld\u0131\u011f\u0131 kavgada karde\u015f olduklar\u0131 \u00f6\u011frenilen M.A., Y.A. ve M.A. ile A.B., K.B. ve F.V.,&#8230;<\/p>\n","protected":false},"author":1,"featured_media":17671,"comment_status":"open","ping_status":"open","sticky":false,"template":"","format":"standard","meta":{"_crdt_document":"","footnotes":""},"categories":[5],"tags":[],"class_list":["post-17670","post","type-post","status-publish","format-standard","has-post-thumbnail","hentry","category-asayis"],"_links":{"self":[{"href":"https:\/\/www.egemtv.com\/index.php?rest_route=\/wp\/v2\/posts\/17670","targetHints":{"allow":["GET"]}}],"collection":[{"href":"https:\/\/www.egemtv.com\/index.php?rest_route=\/wp\/v2\/posts"}],"about":[{"href":"https:\/\/www.egemtv.com\/index.php?rest_route=\/wp\/v2\/types\/post"}],"author":[{"embeddable":true,"href":"https:\/\/www.egemtv.com\/index.php?rest_route=\/wp\/v2\/users\/1"}],"replies":[{"embeddable":true,"href":"https:\/\/www.egemtv.com\/index.php?rest_route=%2Fwp%2Fv2%2Fcomments&post=17670"}],"version-history":[{"count":1,"href":"https:\/\/www.egemtv.com\/index.php?rest_route=\/wp\/v2\/posts\/17670\/revisions"}],"predecessor-version":[{"id":17672,"href":"https:\/\/www.egemtv.com\/index.php?rest_route=\/wp\/v2\/posts\/17670\/revisions\/17672"}],"wp:featuredmedia":[{"embeddable":true,"href":"https:\/\/www.egemtv.com\/index.php?rest_route=\/wp\/v2\/media\/17671"}],"wp:attachment":[{"href":"https:\/\/www.egemtv.com\/index.php?rest_route=%2Fwp%2Fv2%2Fmedia&parent=17670"}],"wp:term":[{"taxonomy":"category","embeddable":true,"href":"https:\/\/www.egemtv.com\/index.php?rest_route=%2Fwp%2Fv2%2Fcategories&post=17670"},{"taxonomy":"post_tag","embeddable":true,"href":"https:\/\/www.egemtv.com\/index.php?rest_route=%2Fwp%2Fv2%2Ftags&post=17670"}],"curies":[{"name":"wp","href":"https:\/\/api.w.org\/{rel}","templated":true}]}}