{"id":17667,"date":"2025-02-10T15:17:11","date_gmt":"2025-02-10T12:17:11","guid":{"rendered":"https:\/\/www.egemtv.com\/?p=17667"},"modified":"2025-02-10T15:17:18","modified_gmt":"2025-02-10T12:17:18","slug":"vali-aktas-derece-yapan-usakli-sporcuyu-kutladi","status":"publish","type":"post","link":"https:\/\/www.egemtv.com\/?p=17667","title":{"rendered":"Vali Akta\u015f derece yapan U\u015fakl\u0131 sporcuyu kutlad\u0131"},"content":{"rendered":"<p>U\u015fak Valisi Naci Akta\u015f, T\u00fcrkiye A\u00e7\u0131k Taekwondo \u015eampiyonas\u0131nda dereceye giren U\u015fakl\u0131 sporcu ve antren\u00f6r\u00fc i\u00e7in tebrik mesaj\u0131 yay\u0131mlad\u0131.<br \/>\n<br \/>U\u015fak Valisi Naci Akta\u015f, T\u00fcrkiye Taekwondo Federasyonunca Antalya\u2019da d\u00fczenlenen 12.Uluslararas\u0131 T\u00fcrkiye A\u00e7\u0131k Taekwondo \u015eampiyonas\u0131nda dereceye giren U\u015fakl\u0131 sporcu Melis T\u00fcrk ve antren\u00f6r\u00fc Cemil T\u00fcrk i\u00e7in tebrik mesaj\u0131 yay\u0131mlad\u0131.<br \/>\n<br \/>Vali Akta\u015f yay\u0131mlam\u0131\u015f oldu\u011fu mesajda; &#8221; T\u00fcrkiye Taekwondo Federasyonunca Antalya\u2019da d\u00fczenlenen 12.Uluslararas\u0131 T\u00fcrkiye A\u00e7\u0131k Taekwondo \u015eampiyonas\u0131nda Milli Tak\u0131m\u0131m\u0131z ad\u0131na \u00fclkemizi temsil eden ve K44 +65 kg\u2019da ikinci olarak g\u00fcm\u00fc\u015f madalya kazanan \u0130limiz sporcusu Melis T\u00fcrk ve antren\u00f6r\u00fc Cemil T\u00fcrk\u2019\u00fc tebrik eder, ba\u015far\u0131lar\u0131n\u0131n devam\u0131n\u0131 dilerim.&#8221; ifadelerini kulland\u0131.<br \/><\/p>\n","protected":false},"excerpt":{"rendered":"<p>U\u015fak Valisi Naci Akta\u015f, T\u00fcrkiye A\u00e7\u0131k Taekwondo \u015eampiyonas\u0131nda dereceye giren U\u015fakl\u0131 sporcu ve antren\u00f6r\u00fc i\u00e7in tebrik mesaj\u0131 yay\u0131mlad\u0131. U\u015fak Valisi Naci Akta\u015f, T\u00fcrkiye Taekwondo Federasyonunca Antalya\u2019da d\u00fczenlenen 12.Uluslararas\u0131 T\u00fcrkiye A\u00e7\u0131k Taekwondo \u015eampiyonas\u0131nda dereceye giren U\u015fakl\u0131 sporcu Melis T\u00fcrk ve antren\u00f6r\u00fc Cemil T\u00fcrk i\u00e7in tebrik mesaj\u0131 yay\u0131mlad\u0131. Vali Akta\u015f yay\u0131mlam\u0131\u015f oldu\u011fu mesajda; &#8221; T\u00fcrkiye Taekwondo Federasyonunca&#8230;<\/p>\n","protected":false},"author":1,"featured_media":17668,"comment_status":"open","ping_status":"open","sticky":false,"template":"","format":"standard","meta":{"_crdt_document":"","footnotes":""},"categories":[4],"tags":[],"class_list":["post-17667","post","type-post","status-publish","format-standard","has-post-thumbnail","hentry","category-spor"],"_links":{"self":[{"href":"https:\/\/www.egemtv.com\/index.php?rest_route=\/wp\/v2\/posts\/17667","targetHints":{"allow":["GET"]}}],"collection":[{"href":"https:\/\/www.egemtv.com\/index.php?rest_route=\/wp\/v2\/posts"}],"about":[{"href":"https:\/\/www.egemtv.com\/index.php?rest_route=\/wp\/v2\/types\/post"}],"author":[{"embeddable":true,"href":"https:\/\/www.egemtv.com\/index.php?rest_route=\/wp\/v2\/users\/1"}],"replies":[{"embeddable":true,"href":"https:\/\/www.egemtv.com\/index.php?rest_route=%2Fwp%2Fv2%2Fcomments&post=17667"}],"version-history":[{"count":1,"href":"https:\/\/www.egemtv.com\/index.php?rest_route=\/wp\/v2\/posts\/17667\/revisions"}],"predecessor-version":[{"id":17669,"href":"https:\/\/www.egemtv.com\/index.php?rest_route=\/wp\/v2\/posts\/17667\/revisions\/17669"}],"wp:featuredmedia":[{"embeddable":true,"href":"https:\/\/www.egemtv.com\/index.php?rest_route=\/wp\/v2\/media\/17668"}],"wp:attachment":[{"href":"https:\/\/www.egemtv.com\/index.php?rest_route=%2Fwp%2Fv2%2Fmedia&parent=17667"}],"wp:term":[{"taxonomy":"category","embeddable":true,"href":"https:\/\/www.egemtv.com\/index.php?rest_route=%2Fwp%2Fv2%2Fcategories&post=17667"},{"taxonomy":"post_tag","embeddable":true,"href":"https:\/\/www.egemtv.com\/index.php?rest_route=%2Fwp%2Fv2%2Ftags&post=17667"}],"curies":[{"name":"wp","href":"https:\/\/api.w.org\/{rel}","templated":true}]}}