{"id":17643,"date":"2025-02-10T13:55:47","date_gmt":"2025-02-10T10:55:47","guid":{"rendered":"https:\/\/www.egemtv.com\/?p=17643"},"modified":"2025-02-10T13:55:54","modified_gmt":"2025-02-10T10:55:54","slug":"denizli-buyuksehir-zabitasi-kaldirim-isgallerine-gecit-vermiyor","status":"publish","type":"post","link":"https:\/\/www.egemtv.com\/?p=17643","title":{"rendered":"Denizli B\u00fcy\u00fck\u015fehir Zab\u0131tas\u0131 kald\u0131r\u0131m i\u015fgallerine ge\u00e7it vermiyor"},"content":{"rendered":"<p>Denizli B\u00fcy\u00fck\u015fehir Belediyesi Zab\u0131ta Dairesi ekipleri, vatanda\u015flar\u0131n kald\u0131r\u0131mlarda rahat\u00e7a y\u00fcr\u00fcyebilmesi i\u00e7in kent genelinde denetimlerini s\u00fcrd\u00fcr\u00fcyor. Bu kapsamda yap\u0131lan \u00e7al\u0131\u015fmalarda, cadde ve sokaklarda yaya ge\u00e7i\u015fini engelleyen duba, totem, reklam panosu gibi malzemeler topland\u0131.<\/p>\n<p>Kald\u0131r\u0131m ve yol i\u015fgallerine kar\u015f\u0131 ger\u00e7ekle\u015ftirilen uygulamalarda, esnaflara uyar\u0131larda bulunulurken, kamuya ait alanlar\u0131n yayalar\u0131n kullan\u0131m\u0131na a\u00e7\u0131k olmas\u0131 gerekti\u011fi vurguland\u0131. Vatanda\u015flar\u0131n g\u00fcvenli\u011fi ve \u015fehir esteti\u011finin korunmas\u0131 amac\u0131yla bu t\u00fcr \u00e7al\u0131\u015fmalar\u0131n d\u00fczenli olarak devam edece\u011fi belirtildi. Kald\u0131r\u0131m ve yol i\u015fgalleriyle ilgili ihbarlar\u0131n titizlikle de\u011ferlendirildi\u011fi, vatanda\u015flar\u0131n rahat ve g\u00fcvenli bir \u015fekilde y\u00fcr\u00fcyebilmeleri i\u00e7in herkesin duyarl\u0131 olmas\u0131 gerekti\u011fi vurguland\u0131.<br \/><\/p>\n","protected":false},"excerpt":{"rendered":"<p>Denizli B\u00fcy\u00fck\u015fehir Belediyesi Zab\u0131ta Dairesi ekipleri, vatanda\u015flar\u0131n kald\u0131r\u0131mlarda rahat\u00e7a y\u00fcr\u00fcyebilmesi i\u00e7in kent genelinde denetimlerini s\u00fcrd\u00fcr\u00fcyor. Bu kapsamda yap\u0131lan \u00e7al\u0131\u015fmalarda, cadde ve sokaklarda yaya ge\u00e7i\u015fini engelleyen duba, totem, reklam panosu gibi malzemeler topland\u0131. Kald\u0131r\u0131m ve yol i\u015fgallerine kar\u015f\u0131 ger\u00e7ekle\u015ftirilen uygulamalarda, esnaflara uyar\u0131larda bulunulurken, kamuya ait alanlar\u0131n yayalar\u0131n kullan\u0131m\u0131na a\u00e7\u0131k olmas\u0131 gerekti\u011fi vurguland\u0131. Vatanda\u015flar\u0131n g\u00fcvenli\u011fi ve \u015fehir&#8230;<\/p>\n","protected":false},"author":1,"featured_media":17644,"comment_status":"open","ping_status":"open","sticky":false,"template":"","format":"standard","meta":{"_crdt_document":"","footnotes":""},"categories":[5],"tags":[],"class_list":["post-17643","post","type-post","status-publish","format-standard","has-post-thumbnail","hentry","category-asayis"],"_links":{"self":[{"href":"https:\/\/www.egemtv.com\/index.php?rest_route=\/wp\/v2\/posts\/17643","targetHints":{"allow":["GET"]}}],"collection":[{"href":"https:\/\/www.egemtv.com\/index.php?rest_route=\/wp\/v2\/posts"}],"about":[{"href":"https:\/\/www.egemtv.com\/index.php?rest_route=\/wp\/v2\/types\/post"}],"author":[{"embeddable":true,"href":"https:\/\/www.egemtv.com\/index.php?rest_route=\/wp\/v2\/users\/1"}],"replies":[{"embeddable":true,"href":"https:\/\/www.egemtv.com\/index.php?rest_route=%2Fwp%2Fv2%2Fcomments&post=17643"}],"version-history":[{"count":1,"href":"https:\/\/www.egemtv.com\/index.php?rest_route=\/wp\/v2\/posts\/17643\/revisions"}],"predecessor-version":[{"id":17645,"href":"https:\/\/www.egemtv.com\/index.php?rest_route=\/wp\/v2\/posts\/17643\/revisions\/17645"}],"wp:featuredmedia":[{"embeddable":true,"href":"https:\/\/www.egemtv.com\/index.php?rest_route=\/wp\/v2\/media\/17644"}],"wp:attachment":[{"href":"https:\/\/www.egemtv.com\/index.php?rest_route=%2Fwp%2Fv2%2Fmedia&parent=17643"}],"wp:term":[{"taxonomy":"category","embeddable":true,"href":"https:\/\/www.egemtv.com\/index.php?rest_route=%2Fwp%2Fv2%2Fcategories&post=17643"},{"taxonomy":"post_tag","embeddable":true,"href":"https:\/\/www.egemtv.com\/index.php?rest_route=%2Fwp%2Fv2%2Ftags&post=17643"}],"curies":[{"name":"wp","href":"https:\/\/api.w.org\/{rel}","templated":true}]}}