{"id":17640,"date":"2025-02-10T13:53:35","date_gmt":"2025-02-10T10:53:35","guid":{"rendered":"https:\/\/www.egemtv.com\/?p=17640"},"modified":"2025-02-10T13:53:39","modified_gmt":"2025-02-10T10:53:39","slug":"tavsanli-ataturk-lisesinden-bilek-guresi-sampiyonasinda-gurur-verici-basari","status":"publish","type":"post","link":"https:\/\/www.egemtv.com\/?p=17640","title":{"rendered":"Tav\u015fanl\u0131 Atat\u00fcrk Lisesi\u2019nden Bilek G\u00fcre\u015fi \u015eampiyonas\u0131nda gurur verici ba\u015far\u0131"},"content":{"rendered":"<p>K\u00fctahya\u2019da d\u00fczenlenen Bilek G\u00fcre\u015fi \u0130l \u015eampiyonas\u0131nda Tav\u015fanl\u0131 Atat\u00fcrk Lisesi \u00f6\u011frencileri b\u00fcy\u00fck bir ba\u015far\u0131ya imza att\u0131.<br \/>\n<br \/>\u00d6\u011frencilerden Rumeysa Sam 75 kg\u2019da il birincisi, Cihan Ko\u00e7yi\u011fit 65 kg\u2019da il birincisi, Sibel Erol 75 kg\u2019da il \u00fc\u00e7\u00fcnc\u00fcs\u00fc ve Arif Ta\u015fba\u015f 75 kg\u2019da il \u00fc\u00e7\u00fcnc\u00fcs\u00fc oldu. \u015eampiyonada dereceye giren \u00f6\u011frencilerin ba\u015far\u0131s\u0131 okul y\u00f6netimini ve \u00f6\u011fretmenleri gururland\u0131rd\u0131. \u00d6zellikle Rumeysa Sam ve Cihan Ko\u00e7yi\u011fit\u2019in il birincisi olarak b\u00f6lge \u015fampiyonas\u0131nda K\u00fctahya\u2019y\u0131 temsil edecek olmas\u0131, okulun ad\u0131n\u0131 daha da duyurdu.<br \/>\n<br \/>Antren\u00f6r ve Beden E\u011fitimi \u00d6\u011fretmeni Emrah \u00d6zer, sporcular\u0131n\u0131 tebrik ederek ba\u015far\u0131lar\u0131ndan dolay\u0131 gurur duydu\u011funu ifade etti. \u00d6\u011frencilerin azimli \u00e7al\u0131\u015fmalar\u0131 ve yetenekleri sayesinde bu ba\u015far\u0131y\u0131 elde ettiklerini belirten \u00d6zer, b\u00f6lge \u015fampiyonas\u0131nda da ba\u015far\u0131l\u0131 olacaklar\u0131na inand\u0131\u011f\u0131n\u0131 s\u00f6yledi. Bu ba\u015far\u0131, Tav\u015fanl\u0131 Atat\u00fcrk Lisesi\u2019nin spor alan\u0131ndaki yetenekli \u00f6\u011frencilere sahip oldu\u011funu bir kez daha g\u00f6sterdi. Okul y\u00f6netimi, \u00f6\u011frencilerin sporla ilgilenmelerini destekleyerek onlar\u0131n geli\u015fimine katk\u0131da bulunmaya devam edecek.<br \/><\/p>\n","protected":false},"excerpt":{"rendered":"<p>K\u00fctahya\u2019da d\u00fczenlenen Bilek G\u00fcre\u015fi \u0130l \u015eampiyonas\u0131nda Tav\u015fanl\u0131 Atat\u00fcrk Lisesi \u00f6\u011frencileri b\u00fcy\u00fck bir ba\u015far\u0131ya imza att\u0131. \u00d6\u011frencilerden Rumeysa Sam 75 kg\u2019da il birincisi, Cihan Ko\u00e7yi\u011fit 65 kg\u2019da il birincisi, Sibel Erol 75 kg\u2019da il \u00fc\u00e7\u00fcnc\u00fcs\u00fc ve Arif Ta\u015fba\u015f 75 kg\u2019da il \u00fc\u00e7\u00fcnc\u00fcs\u00fc oldu. \u015eampiyonada dereceye giren \u00f6\u011frencilerin ba\u015far\u0131s\u0131 okul y\u00f6netimini ve \u00f6\u011fretmenleri gururland\u0131rd\u0131. \u00d6zellikle Rumeysa Sam&#8230;<\/p>\n","protected":false},"author":1,"featured_media":17641,"comment_status":"open","ping_status":"open","sticky":false,"template":"","format":"standard","meta":{"_crdt_document":"","footnotes":""},"categories":[4],"tags":[],"class_list":["post-17640","post","type-post","status-publish","format-standard","has-post-thumbnail","hentry","category-spor"],"_links":{"self":[{"href":"https:\/\/www.egemtv.com\/index.php?rest_route=\/wp\/v2\/posts\/17640","targetHints":{"allow":["GET"]}}],"collection":[{"href":"https:\/\/www.egemtv.com\/index.php?rest_route=\/wp\/v2\/posts"}],"about":[{"href":"https:\/\/www.egemtv.com\/index.php?rest_route=\/wp\/v2\/types\/post"}],"author":[{"embeddable":true,"href":"https:\/\/www.egemtv.com\/index.php?rest_route=\/wp\/v2\/users\/1"}],"replies":[{"embeddable":true,"href":"https:\/\/www.egemtv.com\/index.php?rest_route=%2Fwp%2Fv2%2Fcomments&post=17640"}],"version-history":[{"count":1,"href":"https:\/\/www.egemtv.com\/index.php?rest_route=\/wp\/v2\/posts\/17640\/revisions"}],"predecessor-version":[{"id":17642,"href":"https:\/\/www.egemtv.com\/index.php?rest_route=\/wp\/v2\/posts\/17640\/revisions\/17642"}],"wp:featuredmedia":[{"embeddable":true,"href":"https:\/\/www.egemtv.com\/index.php?rest_route=\/wp\/v2\/media\/17641"}],"wp:attachment":[{"href":"https:\/\/www.egemtv.com\/index.php?rest_route=%2Fwp%2Fv2%2Fmedia&parent=17640"}],"wp:term":[{"taxonomy":"category","embeddable":true,"href":"https:\/\/www.egemtv.com\/index.php?rest_route=%2Fwp%2Fv2%2Fcategories&post=17640"},{"taxonomy":"post_tag","embeddable":true,"href":"https:\/\/www.egemtv.com\/index.php?rest_route=%2Fwp%2Fv2%2Ftags&post=17640"}],"curies":[{"name":"wp","href":"https:\/\/api.w.org\/{rel}","templated":true}]}}