{"id":17637,"date":"2025-02-10T13:45:16","date_gmt":"2025-02-10T10:45:16","guid":{"rendered":"https:\/\/www.egemtv.com\/?p=17637"},"modified":"2025-02-10T13:45:22","modified_gmt":"2025-02-10T10:45:22","slug":"osmancali-motokros-pistinde-sona-dogru-yaklasildi","status":"publish","type":"post","link":"https:\/\/www.egemtv.com\/?p=17637","title":{"rendered":"Osmancal\u0131 motokros pistinde sona do\u011fru yakla\u015f\u0131ld\u0131"},"content":{"rendered":"<p>Manisa\u2019n\u0131n spor ve sporcuyu destekleyen Yunusemre Belediyesi\u2019nin Osmancal\u0131 Mahallesi\u2019nde in\u015fa edilen ve T\u00fcrkiye\u2019nin say\u0131l\u0131 parkurlar\u0131ndan biri olan Osmancal\u0131 Motokros Pisti\u2019nde son kontroller yap\u0131l\u0131yor.<br \/>\n<br \/>Manisa\u2019n\u0131n Yunusemre il\u00e7esi motokros heyecan\u0131na ev sahipli\u011fi yapacak. Yunusemre Belediyesi\u2019nin Osmancal\u0131 Mahallesi\u2019nde 40 bin metrekare alan \u00fczerine in\u015fa edilen T\u00fcrkiye\u2019nin say\u0131l\u0131 motokros pistlerinden biri olan Osmancal\u0131 Motokros Pisti\u2019nde sona yakla\u015f\u0131ld\u0131. Yunusemre Belediye Ba\u015fkan Yard\u0131mc\u0131s\u0131 Hakan G\u00fcrtunca, T\u00fcrkiye Motorsiklet Federasyonu Teknik Kurul Ba\u015fkan\u0131 Erdo\u011fan Y\u0131ld\u0131r\u0131m ve 40\u2019\u0131n \u00fczerinde Manisal\u0131 motokros sporcusu pistte yap\u0131labilecek \u00e7al\u0131\u015fmalar\u0131 de\u011ferlendirdi.<\/p>\n<p>2025 yar\u0131\u015f takviminde yer almas\u0131 planlan\u0131yor<br \/>\n<br \/>Antrenman i\u00e7in kullan\u0131lmaya ba\u015flanan ve 2025 motokros yar\u0131\u015f takviminde yer almas\u0131 planlanan pistte ger\u00e7ekle\u015ftirilen incelemelerin ard\u0131ndan a\u00e7\u0131klamalarda bulunan Yunusemre Belediye Ba\u015fkan Yard\u0131mc\u0131s\u0131 Hakan G\u00fcrtunca, &#8220;Yuntda\u011f\u0131 b\u00f6lgemizin \u00f6nemli mahallelerinden biri olan Osmancal\u0131 Mahallemizde Yunusemre Belediye Ba\u015fkan\u0131m\u0131z Say\u0131n Semih Balaban\u2019\u0131n talimat\u0131yla hayata ge\u00e7irdi\u011fimiz ve son kontrolleri ger\u00e7ekle\u015ftirilen pistimizde sona yakla\u015ft\u0131k. T\u00fcrkiye Motorsiklet Federasyonu Teknik Kurul Ba\u015fkan\u0131m\u0131z Erdo\u011fan Y\u0131ld\u0131r\u0131m\u2019\u0131n da kat\u0131l\u0131mlar\u0131 ve motokros sporcular\u0131m\u0131z ile pistimizi yar\u0131\u015flara uygun hale getirmek i\u00e7in denetimler ger\u00e7ekle\u015ftirdik. Denetimlerimiz sonucunda bulunan de\u011fi\u015fiklikler ger\u00e7ekle\u015ftirilerek pistimizin 2025 y\u0131l\u0131 motokros yar\u0131\u015f takviminde yer almas\u0131 planlan\u0131yor&#8221; ifadelerini kulland\u0131.<br \/><\/p>\n","protected":false},"excerpt":{"rendered":"<p>Manisa\u2019n\u0131n spor ve sporcuyu destekleyen Yunusemre Belediyesi\u2019nin Osmancal\u0131 Mahallesi\u2019nde in\u015fa edilen ve T\u00fcrkiye\u2019nin say\u0131l\u0131 parkurlar\u0131ndan biri olan Osmancal\u0131 Motokros Pisti\u2019nde son kontroller yap\u0131l\u0131yor. Manisa\u2019n\u0131n Yunusemre il\u00e7esi motokros heyecan\u0131na ev sahipli\u011fi yapacak. Yunusemre Belediyesi\u2019nin Osmancal\u0131 Mahallesi\u2019nde 40 bin metrekare alan \u00fczerine in\u015fa edilen T\u00fcrkiye\u2019nin say\u0131l\u0131 motokros pistlerinden biri olan Osmancal\u0131 Motokros Pisti\u2019nde sona yakla\u015f\u0131ld\u0131. Yunusemre Belediye&#8230;<\/p>\n","protected":false},"author":1,"featured_media":17638,"comment_status":"open","ping_status":"open","sticky":false,"template":"","format":"standard","meta":{"_crdt_document":"","footnotes":""},"categories":[4],"tags":[],"class_list":["post-17637","post","type-post","status-publish","format-standard","has-post-thumbnail","hentry","category-spor"],"_links":{"self":[{"href":"https:\/\/www.egemtv.com\/index.php?rest_route=\/wp\/v2\/posts\/17637","targetHints":{"allow":["GET"]}}],"collection":[{"href":"https:\/\/www.egemtv.com\/index.php?rest_route=\/wp\/v2\/posts"}],"about":[{"href":"https:\/\/www.egemtv.com\/index.php?rest_route=\/wp\/v2\/types\/post"}],"author":[{"embeddable":true,"href":"https:\/\/www.egemtv.com\/index.php?rest_route=\/wp\/v2\/users\/1"}],"replies":[{"embeddable":true,"href":"https:\/\/www.egemtv.com\/index.php?rest_route=%2Fwp%2Fv2%2Fcomments&post=17637"}],"version-history":[{"count":1,"href":"https:\/\/www.egemtv.com\/index.php?rest_route=\/wp\/v2\/posts\/17637\/revisions"}],"predecessor-version":[{"id":17639,"href":"https:\/\/www.egemtv.com\/index.php?rest_route=\/wp\/v2\/posts\/17637\/revisions\/17639"}],"wp:featuredmedia":[{"embeddable":true,"href":"https:\/\/www.egemtv.com\/index.php?rest_route=\/wp\/v2\/media\/17638"}],"wp:attachment":[{"href":"https:\/\/www.egemtv.com\/index.php?rest_route=%2Fwp%2Fv2%2Fmedia&parent=17637"}],"wp:term":[{"taxonomy":"category","embeddable":true,"href":"https:\/\/www.egemtv.com\/index.php?rest_route=%2Fwp%2Fv2%2Fcategories&post=17637"},{"taxonomy":"post_tag","embeddable":true,"href":"https:\/\/www.egemtv.com\/index.php?rest_route=%2Fwp%2Fv2%2Ftags&post=17637"}],"curies":[{"name":"wp","href":"https:\/\/api.w.org\/{rel}","templated":true}]}}