{"id":17631,"date":"2025-02-10T13:38:34","date_gmt":"2025-02-10T10:38:34","guid":{"rendered":"https:\/\/www.egemtv.com\/?p=17631"},"modified":"2025-02-10T13:38:39","modified_gmt":"2025-02-10T10:38:39","slug":"yataganli-dagcilar-sandras-daginda-zirve-yapti","status":"publish","type":"post","link":"https:\/\/www.egemtv.com\/?p=17631","title":{"rendered":"Yata\u011fanl\u0131 da\u011fc\u0131lar Sandras Da\u011f\u0131\u2019nda zirve yapt\u0131"},"content":{"rendered":"<p>Mu\u011fla\u2019n\u0131n Yata\u011fan il\u00e7esinden ASFAD Do\u011fa Severler Toplulu\u011fu \u00fcyeleri, di\u011fer il\u00e7elerdeki do\u011fa y\u00fcr\u00fcy\u00fc\u015f\u00fc kul\u00fcpleriyle birlikte Sandras Da\u011f\u0131 \u00c7i\u00e7ek Baba Zirvesi\u2019ne ba\u015far\u0131l\u0131 bir t\u0131rman\u0131\u015f ger\u00e7ekle\u015ftirdi.<\/p>\n<p>Yakla\u015f\u0131k 60 do\u011faseverin kat\u0131ld\u0131\u011f\u0131 etkinlikte, ekip 2 bin 300 metre rak\u0131ml\u0131 zirveye ula\u015ft\u0131. Her y\u0131l \u015eubat ay\u0131nda geleneksel olarak d\u00fczenlenen t\u0131rman\u0131\u015f, bu y\u0131l da yo\u011fun kat\u0131l\u0131mla ger\u00e7ekle\u015fti. Zirvede yakla\u015f\u0131k 1 metre kar bulundu\u011funu belirten ASFAD Do\u011fa Severler Toplulu\u011fu Kurucusu ve Da\u011fc\u0131 Co\u015fkun Akta\u015f, etkinli\u011fe ili\u015fkin \u015fu ifadeleri kulland\u0131: &#8220;Zirveye ula\u015fmak her zaman b\u00fcy\u00fcleyici bir deneyim. E\u015fsiz manzaras\u0131yla bizleri kar\u015f\u0131layan Sandras Da\u011f\u0131\u2019nda y\u00fcr\u00fcy\u00fc\u015f yapan t\u00fcm do\u011fasever arkada\u015flar\u0131ma te\u015fekk\u00fcr ederim&#8221; dedi.<\/p>\n<p>Do\u011fayla i\u00e7 i\u00e7e spor yapmay\u0131 sevenlerin bir araya geldi\u011fi etkinlik, kat\u0131l\u0131mc\u0131lara unutulmaz anlar ya\u015fatt\u0131.<br \/><\/p>\n","protected":false},"excerpt":{"rendered":"<p>Mu\u011fla\u2019n\u0131n Yata\u011fan il\u00e7esinden ASFAD Do\u011fa Severler Toplulu\u011fu \u00fcyeleri, di\u011fer il\u00e7elerdeki do\u011fa y\u00fcr\u00fcy\u00fc\u015f\u00fc kul\u00fcpleriyle birlikte Sandras Da\u011f\u0131 \u00c7i\u00e7ek Baba Zirvesi\u2019ne ba\u015far\u0131l\u0131 bir t\u0131rman\u0131\u015f ger\u00e7ekle\u015ftirdi. Yakla\u015f\u0131k 60 do\u011faseverin kat\u0131ld\u0131\u011f\u0131 etkinlikte, ekip 2 bin 300 metre rak\u0131ml\u0131 zirveye ula\u015ft\u0131. Her y\u0131l \u015eubat ay\u0131nda geleneksel olarak d\u00fczenlenen t\u0131rman\u0131\u015f, bu y\u0131l da yo\u011fun kat\u0131l\u0131mla ger\u00e7ekle\u015fti. Zirvede yakla\u015f\u0131k 1 metre kar&#8230;<\/p>\n","protected":false},"author":1,"featured_media":17632,"comment_status":"open","ping_status":"open","sticky":false,"template":"","format":"standard","meta":{"_crdt_document":"","footnotes":""},"categories":[1],"tags":[],"class_list":["post-17631","post","type-post","status-publish","format-standard","has-post-thumbnail","hentry","category-guncel"],"_links":{"self":[{"href":"https:\/\/www.egemtv.com\/index.php?rest_route=\/wp\/v2\/posts\/17631","targetHints":{"allow":["GET"]}}],"collection":[{"href":"https:\/\/www.egemtv.com\/index.php?rest_route=\/wp\/v2\/posts"}],"about":[{"href":"https:\/\/www.egemtv.com\/index.php?rest_route=\/wp\/v2\/types\/post"}],"author":[{"embeddable":true,"href":"https:\/\/www.egemtv.com\/index.php?rest_route=\/wp\/v2\/users\/1"}],"replies":[{"embeddable":true,"href":"https:\/\/www.egemtv.com\/index.php?rest_route=%2Fwp%2Fv2%2Fcomments&post=17631"}],"version-history":[{"count":1,"href":"https:\/\/www.egemtv.com\/index.php?rest_route=\/wp\/v2\/posts\/17631\/revisions"}],"predecessor-version":[{"id":17633,"href":"https:\/\/www.egemtv.com\/index.php?rest_route=\/wp\/v2\/posts\/17631\/revisions\/17633"}],"wp:featuredmedia":[{"embeddable":true,"href":"https:\/\/www.egemtv.com\/index.php?rest_route=\/wp\/v2\/media\/17632"}],"wp:attachment":[{"href":"https:\/\/www.egemtv.com\/index.php?rest_route=%2Fwp%2Fv2%2Fmedia&parent=17631"}],"wp:term":[{"taxonomy":"category","embeddable":true,"href":"https:\/\/www.egemtv.com\/index.php?rest_route=%2Fwp%2Fv2%2Fcategories&post=17631"},{"taxonomy":"post_tag","embeddable":true,"href":"https:\/\/www.egemtv.com\/index.php?rest_route=%2Fwp%2Fv2%2Ftags&post=17631"}],"curies":[{"name":"wp","href":"https:\/\/api.w.org\/{rel}","templated":true}]}}