{"id":17625,"date":"2025-02-10T13:29:33","date_gmt":"2025-02-10T10:29:33","guid":{"rendered":"https:\/\/www.egemtv.com\/?p=17625"},"modified":"2025-02-10T13:29:39","modified_gmt":"2025-02-10T10:29:39","slug":"hisarcikta-korkutan-yangin-1-buyukbas-hayvan-telef-oldu","status":"publish","type":"post","link":"https:\/\/www.egemtv.com\/?p=17625","title":{"rendered":"Hisarc\u0131k\u2019ta korkutan yang\u0131n: 1 b\u00fcy\u00fckba\u015f hayvan telef oldu"},"content":{"rendered":"<p>K\u00fctahya\u2019n\u0131n Hisarc\u0131k il\u00e7esinde iki katl\u0131 ah\u015fap binada \u00e7\u0131kan yang\u0131nda 1 b\u00fcy\u00fckba\u015f hayvan telef olurken, ev kullan\u0131lmaz hale geldi.<br \/>\n<br \/>Edinilen bilgiye g\u00f6re, il\u00e7eye ba\u011fl\u0131 ba\u011fl\u0131 G\u00fcld\u00fcren K\u00f6y\u00fc\u2019nde Mehmet Ali \u00d6zt\u00fcrk\u2019e ait iki katl\u0131 ah\u015fap binada sabah saatlerinde hen\u00fcz belirlenemeyen bir nedenle yang\u0131n \u00e7\u0131kt\u0131. \u0130hbar \u00fczerine yang\u0131n mahalline, itfaiye, sa\u011fl\u0131k ve jandarma ekipleri sevk edildi. K\u0131sa s\u00fcrede b\u00fcy\u00fcyen ve yandaki evin \u00e7at\u0131s\u0131na da s\u0131\u00e7rayan yang\u0131n Hisarc\u0131k Belediyesi itfaiye ekiplerinin m\u00fcdahalesiyle s\u00f6nd\u00fcr\u00fcld\u00fc. Yang\u0131nda iki katl\u0131 ah\u015fap binan\u0131n alt\u0131nda bulunan ah\u0131rda 1 b\u00fcy\u00fckba\u015f hayvan telef oldu. Yang\u0131n sonucu iki katl\u0131 ah\u015fap ev kullan\u0131lmaz hale gelirken, yandaki binan\u0131n \u00e7at\u0131s\u0131nda hasar olu\u015ftu.<br \/>\n<br \/>Yang\u0131nla ilgili soru\u015fturma ba\u015flat\u0131ld\u0131.<br \/><\/p>\n","protected":false},"excerpt":{"rendered":"<p>K\u00fctahya\u2019n\u0131n Hisarc\u0131k il\u00e7esinde iki katl\u0131 ah\u015fap binada \u00e7\u0131kan yang\u0131nda 1 b\u00fcy\u00fckba\u015f hayvan telef olurken, ev kullan\u0131lmaz hale geldi. Edinilen bilgiye g\u00f6re, il\u00e7eye ba\u011fl\u0131 ba\u011fl\u0131 G\u00fcld\u00fcren K\u00f6y\u00fc\u2019nde Mehmet Ali \u00d6zt\u00fcrk\u2019e ait iki katl\u0131 ah\u015fap binada sabah saatlerinde hen\u00fcz belirlenemeyen bir nedenle yang\u0131n \u00e7\u0131kt\u0131. \u0130hbar \u00fczerine yang\u0131n mahalline, itfaiye, sa\u011fl\u0131k ve jandarma ekipleri sevk edildi. K\u0131sa s\u00fcrede&#8230;<\/p>\n","protected":false},"author":1,"featured_media":17627,"comment_status":"open","ping_status":"open","sticky":false,"template":"","format":"standard","meta":{"_crdt_document":"","footnotes":""},"categories":[5],"tags":[],"class_list":["post-17625","post","type-post","status-publish","format-standard","has-post-thumbnail","hentry","category-asayis"],"_links":{"self":[{"href":"https:\/\/www.egemtv.com\/index.php?rest_route=\/wp\/v2\/posts\/17625","targetHints":{"allow":["GET"]}}],"collection":[{"href":"https:\/\/www.egemtv.com\/index.php?rest_route=\/wp\/v2\/posts"}],"about":[{"href":"https:\/\/www.egemtv.com\/index.php?rest_route=\/wp\/v2\/types\/post"}],"author":[{"embeddable":true,"href":"https:\/\/www.egemtv.com\/index.php?rest_route=\/wp\/v2\/users\/1"}],"replies":[{"embeddable":true,"href":"https:\/\/www.egemtv.com\/index.php?rest_route=%2Fwp%2Fv2%2Fcomments&post=17625"}],"version-history":[{"count":1,"href":"https:\/\/www.egemtv.com\/index.php?rest_route=\/wp\/v2\/posts\/17625\/revisions"}],"predecessor-version":[{"id":17630,"href":"https:\/\/www.egemtv.com\/index.php?rest_route=\/wp\/v2\/posts\/17625\/revisions\/17630"}],"wp:featuredmedia":[{"embeddable":true,"href":"https:\/\/www.egemtv.com\/index.php?rest_route=\/wp\/v2\/media\/17627"}],"wp:attachment":[{"href":"https:\/\/www.egemtv.com\/index.php?rest_route=%2Fwp%2Fv2%2Fmedia&parent=17625"}],"wp:term":[{"taxonomy":"category","embeddable":true,"href":"https:\/\/www.egemtv.com\/index.php?rest_route=%2Fwp%2Fv2%2Fcategories&post=17625"},{"taxonomy":"post_tag","embeddable":true,"href":"https:\/\/www.egemtv.com\/index.php?rest_route=%2Fwp%2Fv2%2Ftags&post=17625"}],"curies":[{"name":"wp","href":"https:\/\/api.w.org\/{rel}","templated":true}]}}