{"id":17622,"date":"2025-02-10T13:24:13","date_gmt":"2025-02-10T10:24:13","guid":{"rendered":"https:\/\/www.egemtv.com\/?p=17622"},"modified":"2025-02-10T13:24:20","modified_gmt":"2025-02-10T10:24:20","slug":"deneyap-teknoloji-atolyelerinde-aileler-ve-cocuklar-birlikte-ogreniyor","status":"publish","type":"post","link":"https:\/\/www.egemtv.com\/?p=17622","title":{"rendered":"Deneyap teknoloji at\u00f6lyelerinde aileler ve \u00e7ocuklar birlikte \u00f6\u011freniyor"},"content":{"rendered":"<p>Mu\u011fla\u2019da faaliyet g\u00f6steren Deneyap Teknoloji At\u00f6lyesi, veli-\u00f6\u011frenci at\u00f6lyesi kapsam\u0131nda \u00f6zel bir etkinli\u011fe ev sahipli\u011fi yapt\u0131.<\/p>\n<p>At\u00f6lye \u00e7al\u0131\u015fmalar\u0131nda \u00f6\u011frenciler e\u011fitmen, veliler ise \u00f6\u011frenci olarak yer ald\u0131. Tasar\u0131m ve \u00dcretim, Robotik ve Kodlama alanlar\u0131nda ger\u00e7ekle\u015ftirilen etkinlikler, b\u00fcy\u00fck bir keyif ve heyecanla tamamland\u0131.<\/p>\n<p>Tamamen \u00fccretsiz olarak sunulan ve 3 y\u0131l s\u00fcren e\u011fitim program\u0131 kapsam\u0131nda \u00f6\u011frencilere; Tasar\u0131m ve \u00fcretim, Robotik kodlama, Elektronik programlama ve nesnelerin interneti, Yapay zeka ve siber g\u00fcvenlik, Yaz\u0131l\u0131m teknolojileri, Enerji teknolojileri, Havac\u0131l\u0131k ve uzay teknolojileri, Nanoteknoloji ve malzeme bilimi, \u0130leri robotik ve mobil uygulama gibi bir\u00e7ok alanda e\u011fitimler veriliyor. Bunun yan\u0131 s\u0131ra program, giri\u015fimcilik, ele\u015ftirel d\u00fc\u015f\u00fcnme, karma\u015f\u0131k problemleri \u00e7\u00f6zme, etkili ileti\u015fim ve tak\u0131m \u00e7al\u0131\u015fmas\u0131 gibi becerilerin geli\u015ftirilmesini hedefliyor.<\/p>\n<p>Deneyap Teknoloji At\u00f6lyeleri\u2019nde e\u011fitimde f\u0131rsat e\u015fitli\u011fi sa\u011flanarak, \u00f6\u011frenciler ortak bir e\u011fitim m\u00fcfredat\u0131yla yeti\u015ftiriliyor. E\u011fitimin ilk 2 y\u0131l\u0131 teknoloji ve proje geli\u015ftirme temelli olurken, son y\u0131l\u0131nda \u00f6\u011frenciler ulusal ve uluslararas\u0131 yar\u0131\u015fmalara tak\u0131m olarak kat\u0131lma f\u0131rsat\u0131 elde ediyor.<br \/><\/p>\n","protected":false},"excerpt":{"rendered":"<p>Mu\u011fla\u2019da faaliyet g\u00f6steren Deneyap Teknoloji At\u00f6lyesi, veli-\u00f6\u011frenci at\u00f6lyesi kapsam\u0131nda \u00f6zel bir etkinli\u011fe ev sahipli\u011fi yapt\u0131. At\u00f6lye \u00e7al\u0131\u015fmalar\u0131nda \u00f6\u011frenciler e\u011fitmen, veliler ise \u00f6\u011frenci olarak yer ald\u0131. Tasar\u0131m ve \u00dcretim, Robotik ve Kodlama alanlar\u0131nda ger\u00e7ekle\u015ftirilen etkinlikler, b\u00fcy\u00fck bir keyif ve heyecanla tamamland\u0131. Tamamen \u00fccretsiz olarak sunulan ve 3 y\u0131l s\u00fcren e\u011fitim program\u0131 kapsam\u0131nda \u00f6\u011frencilere; Tasar\u0131m ve \u00fcretim,&#8230;<\/p>\n","protected":false},"author":1,"featured_media":17623,"comment_status":"open","ping_status":"open","sticky":false,"template":"","format":"standard","meta":{"_crdt_document":"","footnotes":""},"categories":[1],"tags":[],"class_list":["post-17622","post","type-post","status-publish","format-standard","has-post-thumbnail","hentry","category-guncel"],"_links":{"self":[{"href":"https:\/\/www.egemtv.com\/index.php?rest_route=\/wp\/v2\/posts\/17622","targetHints":{"allow":["GET"]}}],"collection":[{"href":"https:\/\/www.egemtv.com\/index.php?rest_route=\/wp\/v2\/posts"}],"about":[{"href":"https:\/\/www.egemtv.com\/index.php?rest_route=\/wp\/v2\/types\/post"}],"author":[{"embeddable":true,"href":"https:\/\/www.egemtv.com\/index.php?rest_route=\/wp\/v2\/users\/1"}],"replies":[{"embeddable":true,"href":"https:\/\/www.egemtv.com\/index.php?rest_route=%2Fwp%2Fv2%2Fcomments&post=17622"}],"version-history":[{"count":1,"href":"https:\/\/www.egemtv.com\/index.php?rest_route=\/wp\/v2\/posts\/17622\/revisions"}],"predecessor-version":[{"id":17624,"href":"https:\/\/www.egemtv.com\/index.php?rest_route=\/wp\/v2\/posts\/17622\/revisions\/17624"}],"wp:featuredmedia":[{"embeddable":true,"href":"https:\/\/www.egemtv.com\/index.php?rest_route=\/wp\/v2\/media\/17623"}],"wp:attachment":[{"href":"https:\/\/www.egemtv.com\/index.php?rest_route=%2Fwp%2Fv2%2Fmedia&parent=17622"}],"wp:term":[{"taxonomy":"category","embeddable":true,"href":"https:\/\/www.egemtv.com\/index.php?rest_route=%2Fwp%2Fv2%2Fcategories&post=17622"},{"taxonomy":"post_tag","embeddable":true,"href":"https:\/\/www.egemtv.com\/index.php?rest_route=%2Fwp%2Fv2%2Ftags&post=17622"}],"curies":[{"name":"wp","href":"https:\/\/api.w.org\/{rel}","templated":true}]}}