{"id":17619,"date":"2025-02-10T13:21:14","date_gmt":"2025-02-10T10:21:14","guid":{"rendered":"https:\/\/www.egemtv.com\/?p=17619"},"modified":"2025-02-10T13:21:20","modified_gmt":"2025-02-10T10:21:20","slug":"izmirde-ruhsatsiz-silah-operasyonu-3-gozalti","status":"publish","type":"post","link":"https:\/\/www.egemtv.com\/?p=17619","title":{"rendered":"\u0130zmir\u2019de ruhsats\u0131z silah operasyonu: 3 g\u00f6zalt\u0131"},"content":{"rendered":"<p>\u0130zmir\u2019in \u00d6demi\u015f il\u00e7esinde, yasa d\u0131\u015f\u0131 silah ticareti, imalat\u0131 ve bireysel silahlanma ile m\u00fccadele kapsam\u0131nda ger\u00e7ekle\u015ftirilen operasyonda ruhsats\u0131z silahlar ele ge\u00e7irildi. Olayla ilgili de 3 \u015f\u00fcpheli g\u00f6zalt\u0131na al\u0131nd\u0131.<br \/>\n<br \/>\u0130zmir Organize Su\u00e7larla M\u00fccadele \u015eube M\u00fcd\u00fcrl\u00fc\u011f\u00fcne ba\u011fl\u0131 \u00d6demi\u015f Organize Su\u00e7larla M\u00fccadele B\u00fcro Amirli\u011fi ekipleri, bireysel silahlanma, yasa d\u0131\u015f\u0131 yollarla \u00fcretilen ya da ele ge\u00e7irilen ruhsats\u0131z tabanca ve tabanca fi\u015fe\u011fi bulundurulmas\u0131n\u0131n engellenmesine y\u00f6nelik 4 &#8211; 6 \u015eubat tarihleri aras\u0131nda \u00e7al\u0131\u015fmalar ger\u00e7ekle\u015ftirdi. \u00d6demi\u015f Cumhuriyet Ba\u015fsavc\u0131l\u0131\u011f\u0131 koordinesinde, belirlenen \u015f\u00fcphelilerin adreslerinde ger\u00e7ekle\u015ftirilen aramalarda, ruhsats\u0131z 4 tabanca, 1 t\u00fcfek ve bin 389 tabanca fi\u015fe\u011fi ele ge\u00e7irildi.<br \/>\n<br \/>Olayla ilgili g\u00f6zalt\u0131na al\u0131nan 3 \u015f\u00fcpheli hakk\u0131nda adli i\u015flem ba\u015flat\u0131ld\u0131.<br \/><\/p>\n","protected":false},"excerpt":{"rendered":"<p>\u0130zmir\u2019in \u00d6demi\u015f il\u00e7esinde, yasa d\u0131\u015f\u0131 silah ticareti, imalat\u0131 ve bireysel silahlanma ile m\u00fccadele kapsam\u0131nda ger\u00e7ekle\u015ftirilen operasyonda ruhsats\u0131z silahlar ele ge\u00e7irildi. Olayla ilgili de 3 \u015f\u00fcpheli g\u00f6zalt\u0131na al\u0131nd\u0131. \u0130zmir Organize Su\u00e7larla M\u00fccadele \u015eube M\u00fcd\u00fcrl\u00fc\u011f\u00fcne ba\u011fl\u0131 \u00d6demi\u015f Organize Su\u00e7larla M\u00fccadele B\u00fcro Amirli\u011fi ekipleri, bireysel silahlanma, yasa d\u0131\u015f\u0131 yollarla \u00fcretilen ya da ele ge\u00e7irilen ruhsats\u0131z tabanca ve tabanca&#8230;<\/p>\n","protected":false},"author":1,"featured_media":17620,"comment_status":"open","ping_status":"open","sticky":false,"template":"","format":"standard","meta":{"_crdt_document":"","footnotes":""},"categories":[5],"tags":[],"class_list":["post-17619","post","type-post","status-publish","format-standard","has-post-thumbnail","hentry","category-asayis"],"_links":{"self":[{"href":"https:\/\/www.egemtv.com\/index.php?rest_route=\/wp\/v2\/posts\/17619","targetHints":{"allow":["GET"]}}],"collection":[{"href":"https:\/\/www.egemtv.com\/index.php?rest_route=\/wp\/v2\/posts"}],"about":[{"href":"https:\/\/www.egemtv.com\/index.php?rest_route=\/wp\/v2\/types\/post"}],"author":[{"embeddable":true,"href":"https:\/\/www.egemtv.com\/index.php?rest_route=\/wp\/v2\/users\/1"}],"replies":[{"embeddable":true,"href":"https:\/\/www.egemtv.com\/index.php?rest_route=%2Fwp%2Fv2%2Fcomments&post=17619"}],"version-history":[{"count":1,"href":"https:\/\/www.egemtv.com\/index.php?rest_route=\/wp\/v2\/posts\/17619\/revisions"}],"predecessor-version":[{"id":17621,"href":"https:\/\/www.egemtv.com\/index.php?rest_route=\/wp\/v2\/posts\/17619\/revisions\/17621"}],"wp:featuredmedia":[{"embeddable":true,"href":"https:\/\/www.egemtv.com\/index.php?rest_route=\/wp\/v2\/media\/17620"}],"wp:attachment":[{"href":"https:\/\/www.egemtv.com\/index.php?rest_route=%2Fwp%2Fv2%2Fmedia&parent=17619"}],"wp:term":[{"taxonomy":"category","embeddable":true,"href":"https:\/\/www.egemtv.com\/index.php?rest_route=%2Fwp%2Fv2%2Fcategories&post=17619"},{"taxonomy":"post_tag","embeddable":true,"href":"https:\/\/www.egemtv.com\/index.php?rest_route=%2Fwp%2Fv2%2Ftags&post=17619"}],"curies":[{"name":"wp","href":"https:\/\/api.w.org\/{rel}","templated":true}]}}