{"id":17616,"date":"2025-02-10T13:21:07","date_gmt":"2025-02-10T10:21:07","guid":{"rendered":"https:\/\/www.egemtv.com\/?p=17616"},"modified":"2025-02-10T13:21:14","modified_gmt":"2025-02-10T10:21:14","slug":"muglada-jandarma-ekipleri-yarali-sahini-kurtardi","status":"publish","type":"post","link":"https:\/\/www.egemtv.com\/?p=17616","title":{"rendered":"Mu\u011fla\u2019da jandarma ekipleri yaral\u0131 \u015fahini kurtard\u0131"},"content":{"rendered":"<p>Mu\u011fla\u2019n\u0131n Dat\u00e7a il\u00e7esinde jandarma ekipleri do\u011fada yaral\u0131 halde buldu\u011fu \u015fahini koruma alt\u0131na ald\u0131.<\/p>\n<p>K\u0131zlan Mahallesi Kara\u011fa\u00e7 Mevkii\u2019nde, \u0130l Jandarma Komutanl\u0131\u011f\u0131 ekipleri taraf\u0131ndan ger\u00e7ekle\u015ftirilen devriye faaliyeti s\u0131ras\u0131nda, u\u00e7makta g\u00fc\u00e7l\u00fck \u00e7eken yaral\u0131 bir \u015fahin bulundu. Jandarma ekipleri, bitkin haldeki y\u0131rt\u0131c\u0131 ku\u015fu g\u00fcvenli bir \u015fekilde alarak, gerekli tedavisinin yap\u0131lmas\u0131 i\u00e7in Dat\u00e7a Do\u011fa Koruma ve Milli Parklar \u015eube \u015eefli\u011fi\u2019ne teslim etti. Do\u011fa Koruma yetkilileri, \u015fahinin sa\u011fl\u0131k durumunu yak\u0131ndan takip edecek ve tedavi s\u00fcrecinin tamamlanmas\u0131n\u0131n ard\u0131ndan do\u011faya yeniden sal\u0131nmas\u0131n\u0131 sa\u011flayacak.<br \/><\/p>\n","protected":false},"excerpt":{"rendered":"<p>Mu\u011fla\u2019n\u0131n Dat\u00e7a il\u00e7esinde jandarma ekipleri do\u011fada yaral\u0131 halde buldu\u011fu \u015fahini koruma alt\u0131na ald\u0131. K\u0131zlan Mahallesi Kara\u011fa\u00e7 Mevkii\u2019nde, \u0130l Jandarma Komutanl\u0131\u011f\u0131 ekipleri taraf\u0131ndan ger\u00e7ekle\u015ftirilen devriye faaliyeti s\u0131ras\u0131nda, u\u00e7makta g\u00fc\u00e7l\u00fck \u00e7eken yaral\u0131 bir \u015fahin bulundu. Jandarma ekipleri, bitkin haldeki y\u0131rt\u0131c\u0131 ku\u015fu g\u00fcvenli bir \u015fekilde alarak, gerekli tedavisinin yap\u0131lmas\u0131 i\u00e7in Dat\u00e7a Do\u011fa Koruma ve Milli Parklar \u015eube \u015eefli\u011fi\u2019ne&#8230;<\/p>\n","protected":false},"author":1,"featured_media":17617,"comment_status":"open","ping_status":"open","sticky":false,"template":"","format":"standard","meta":{"_crdt_document":"","footnotes":""},"categories":[1],"tags":[],"class_list":["post-17616","post","type-post","status-publish","format-standard","has-post-thumbnail","hentry","category-guncel"],"_links":{"self":[{"href":"https:\/\/www.egemtv.com\/index.php?rest_route=\/wp\/v2\/posts\/17616","targetHints":{"allow":["GET"]}}],"collection":[{"href":"https:\/\/www.egemtv.com\/index.php?rest_route=\/wp\/v2\/posts"}],"about":[{"href":"https:\/\/www.egemtv.com\/index.php?rest_route=\/wp\/v2\/types\/post"}],"author":[{"embeddable":true,"href":"https:\/\/www.egemtv.com\/index.php?rest_route=\/wp\/v2\/users\/1"}],"replies":[{"embeddable":true,"href":"https:\/\/www.egemtv.com\/index.php?rest_route=%2Fwp%2Fv2%2Fcomments&post=17616"}],"version-history":[{"count":1,"href":"https:\/\/www.egemtv.com\/index.php?rest_route=\/wp\/v2\/posts\/17616\/revisions"}],"predecessor-version":[{"id":17618,"href":"https:\/\/www.egemtv.com\/index.php?rest_route=\/wp\/v2\/posts\/17616\/revisions\/17618"}],"wp:featuredmedia":[{"embeddable":true,"href":"https:\/\/www.egemtv.com\/index.php?rest_route=\/wp\/v2\/media\/17617"}],"wp:attachment":[{"href":"https:\/\/www.egemtv.com\/index.php?rest_route=%2Fwp%2Fv2%2Fmedia&parent=17616"}],"wp:term":[{"taxonomy":"category","embeddable":true,"href":"https:\/\/www.egemtv.com\/index.php?rest_route=%2Fwp%2Fv2%2Fcategories&post=17616"},{"taxonomy":"post_tag","embeddable":true,"href":"https:\/\/www.egemtv.com\/index.php?rest_route=%2Fwp%2Fv2%2Ftags&post=17616"}],"curies":[{"name":"wp","href":"https:\/\/api.w.org\/{rel}","templated":true}]}}