{"id":17613,"date":"2025-02-10T13:16:53","date_gmt":"2025-02-10T10:16:53","guid":{"rendered":"https:\/\/www.egemtv.com\/?p=17613"},"modified":"2025-02-10T13:16:58","modified_gmt":"2025-02-10T10:16:58","slug":"deniz-kadah-gollerine-devam-ediyor","status":"publish","type":"post","link":"https:\/\/www.egemtv.com\/?p=17613","title":{"rendered":"Deniz Kadah, gollerine devam ediyor"},"content":{"rendered":"<p>Altay\u2019\u0131n 38 ya\u015f\u0131ndaki golc\u00fcs\u00fc oyuncusu Deniz Kadah, bu sezon 2 gol atarak tak\u0131m\u0131n\u0131n skor y\u00fck\u00fcne \u00f6nemli bir katk\u0131 vermi\u015f oldu.<br \/>\n<br \/>TFF 2. Lig Beyaz Grup ekiplerinden Altay\u2019da transfer yasa\u011f\u0131 devam etmesine ra\u011fmen Teknik Direkt\u00f6r G\u00f6khan Karaaslan, elindeki oyunculardan maksimum verimi almaya devam ediyor. \u0130zmir ekibinin hafta sonu 2-0 ma\u011flup etti\u011fi m\u00fcsabakada kariyerinin son d\u00f6nemlerini ya\u015fayan 38 ya\u015f\u0131ndaki Deniz Kadah, rakip fileleri havaland\u0131rd\u0131 ve tak\u0131m\u0131n\u0131n galibiyetinde \u00f6nemli bir rol oynad\u0131. Bu golle birlikte tecr\u00fcbeli oyuncu bu sezon oynad\u0131\u011f\u0131 17. ma\u00e7\u0131nda ikinci gol\u00fcn\u00fc kaydetmeyi ba\u015fard\u0131.<br \/>\n<br \/>Kadah, ge\u00e7ti\u011fimiz sezon da 1. Lig\u2019de oynad\u0131\u011f\u0131 21 ma\u00e7ta 3 gol 2 asistlik \u00fcreterek tak\u0131m\u0131na skor anlam\u0131nda \u00f6nemli bir katk\u0131 vermi\u015fti.<br \/>\n<br \/>\u00d6te yandan ge\u00e7ti\u011fimiz sezon futbolu b\u0131rakma a\u015famas\u0131na gelen deneyimli oyuncunun, bu sezon sonunda ise nas\u0131l bir karar verece\u011fi merakla bekleniyor.<br \/><\/p>\n","protected":false},"excerpt":{"rendered":"<p>Altay\u2019\u0131n 38 ya\u015f\u0131ndaki golc\u00fcs\u00fc oyuncusu Deniz Kadah, bu sezon 2 gol atarak tak\u0131m\u0131n\u0131n skor y\u00fck\u00fcne \u00f6nemli bir katk\u0131 vermi\u015f oldu. TFF 2. Lig Beyaz Grup ekiplerinden Altay\u2019da transfer yasa\u011f\u0131 devam etmesine ra\u011fmen Teknik Direkt\u00f6r G\u00f6khan Karaaslan, elindeki oyunculardan maksimum verimi almaya devam ediyor. \u0130zmir ekibinin hafta sonu 2-0 ma\u011flup etti\u011fi m\u00fcsabakada kariyerinin son d\u00f6nemlerini ya\u015fayan&#8230;<\/p>\n","protected":false},"author":1,"featured_media":17614,"comment_status":"open","ping_status":"open","sticky":false,"template":"","format":"standard","meta":{"_crdt_document":"","footnotes":""},"categories":[4],"tags":[],"class_list":["post-17613","post","type-post","status-publish","format-standard","has-post-thumbnail","hentry","category-spor"],"_links":{"self":[{"href":"https:\/\/www.egemtv.com\/index.php?rest_route=\/wp\/v2\/posts\/17613","targetHints":{"allow":["GET"]}}],"collection":[{"href":"https:\/\/www.egemtv.com\/index.php?rest_route=\/wp\/v2\/posts"}],"about":[{"href":"https:\/\/www.egemtv.com\/index.php?rest_route=\/wp\/v2\/types\/post"}],"author":[{"embeddable":true,"href":"https:\/\/www.egemtv.com\/index.php?rest_route=\/wp\/v2\/users\/1"}],"replies":[{"embeddable":true,"href":"https:\/\/www.egemtv.com\/index.php?rest_route=%2Fwp%2Fv2%2Fcomments&post=17613"}],"version-history":[{"count":1,"href":"https:\/\/www.egemtv.com\/index.php?rest_route=\/wp\/v2\/posts\/17613\/revisions"}],"predecessor-version":[{"id":17615,"href":"https:\/\/www.egemtv.com\/index.php?rest_route=\/wp\/v2\/posts\/17613\/revisions\/17615"}],"wp:featuredmedia":[{"embeddable":true,"href":"https:\/\/www.egemtv.com\/index.php?rest_route=\/wp\/v2\/media\/17614"}],"wp:attachment":[{"href":"https:\/\/www.egemtv.com\/index.php?rest_route=%2Fwp%2Fv2%2Fmedia&parent=17613"}],"wp:term":[{"taxonomy":"category","embeddable":true,"href":"https:\/\/www.egemtv.com\/index.php?rest_route=%2Fwp%2Fv2%2Fcategories&post=17613"},{"taxonomy":"post_tag","embeddable":true,"href":"https:\/\/www.egemtv.com\/index.php?rest_route=%2Fwp%2Fv2%2Ftags&post=17613"}],"curies":[{"name":"wp","href":"https:\/\/api.w.org\/{rel}","templated":true}]}}