{"id":17606,"date":"2025-02-10T13:07:23","date_gmt":"2025-02-10T10:07:23","guid":{"rendered":"https:\/\/www.egemtv.com\/?p=17606"},"modified":"2025-02-10T13:07:29","modified_gmt":"2025-02-10T10:07:29","slug":"zumba-tutkunlari-merkezefendide-bulustu-2","status":"publish","type":"post","link":"https:\/\/www.egemtv.com\/?p=17606","title":{"rendered":"Zumba tutkunlar\u0131 Merkezefendi\u2019de bulu\u015ftu"},"content":{"rendered":"<p>Merkezefendi Belediyesi taraf\u0131ndan ikinci kez d\u00fczenlenen Zumba Master Class etkinli\u011fi ile il\u00e7edeki dans ve sporseverler bir araya geldi. Ba\u015fkan Do\u011fan, &#8220;Her \u015fey daha sa\u011fl\u0131k ve mutlu bir Merkezefendi i\u00e7in&#8221; dedi.<\/p>\n<p>Vatanda\u015f\u0131 spora ve hareket etmeye te\u015fvik etmek i\u00e7in dans ve aerobik hareketleri bir arada bar\u0131nd\u0131ran, v\u00fccudun bir\u00e7ok noktas\u0131n\u0131n ayn\u0131 anda \u00e7al\u0131\u015fmas\u0131n\u0131 sa\u011flayan \u2019Zumba Master Class\u2019 Bereketler Toplant\u0131 ve Sergi Salonu\u2019nda ger\u00e7ekle\u015ftirildi. \u00c7ok say\u0131da dans ve sporseverin yer ald\u0131\u011f\u0131 etkinli\u011fe Merkezefendi Belediye Ba\u015fkan\u0131 \u015eeniz Do\u011fan da kat\u0131larak T\u00fcrkiye\u2019nin Zumba Temsilcisi ZES Didem Zeybek ve yetene\u011fiyle g\u00f6n\u00fclleri kazanm\u0131\u015f ZIN Aysun Batur\u2019a hediye takdim etti. Etkinlikte T\u00fcrkiye\u2019nin Zumba Temsilcisi ZES Didem Zeybek, yetene\u011fiyle g\u00f6n\u00fclleri kazanm\u0131\u015f ZIN Aysun Batur ve T\u00fcrkiye\u2019nin d\u00f6rt bir yan\u0131ndan gelen zumba e\u011fitmenlerinin sahne ald\u0131\u011f\u0131 etkinlik, renkli g\u00f6r\u00fcnt\u00fclere sahne oldu. \u0130kinci kez d\u00fczenlenen \u2018Zumba Masterclass\u2019ta Kad\u0131n \u00c7ocuk Ya\u015fam Merkezleri\u2019nde e\u011fitim alan kursiyerler ve etkinli\u011fe kat\u0131lan t\u00fcm kad\u0131nlar m\u00fczi\u011fin ritmiyle spor yapt\u0131.<\/p>\n<p>\u015eeniz Do\u011fan: &#8220;Her \u015fey daha sa\u011fl\u0131k ve mutlu bir Merkezefendi i\u00e7in&#8221;<br \/>\n<br \/>Sa\u011fl\u0131kl\u0131 bir ya\u015fam i\u00e7in sporun \u00f6nemini belirten Merkezefendi Belediye Ba\u015fkan\u0131 \u015eeniz Do\u011fan, &#8220;Merkezefendi\u2019mizin bir\u00e7ok mahallesinde kad\u0131nlar\u0131m\u0131z\u0131n spor yapabilece\u011fi ve \u00e7e\u015fitli aktiviteler yapabilece\u011fi Kad\u0131n \u00c7ocuk Ya\u015fam Merkezlerimiz var. Sizlerden gelen enerji ve talebiyle birlikte hem \u00e7ocuklar\u0131m\u0131za kurs yapt\u0131r\u0131yoruz hem de kad\u0131nlar\u0131m\u0131z\u0131n spor yapma imkan\u0131n\u0131 sa\u011fl\u0131yoruz. Buradaki en g\u00fczel \u015fey kad\u0131nlar\u0131m\u0131z\u0131n evlerinden \u00e7\u0131karak bu tesislerimize gelmesi sosyalle\u015fip keyifli vakit ge\u00e7irmesi. Bu merkezler sizin gelin spor yap\u0131n, e\u011flenin, g\u00fcl\u00fcn ve dertleri orada payla\u015fal\u0131m dedik ve bug\u00fcn bu salona bakt\u0131\u011f\u0131mda Merkezefezendi il\u00e7emizde ya\u015fayan kad\u0131nlar olarak b\u00fcy\u00fck bir aile oldu\u011fumuzu g\u00f6r\u00fcyorum. S\u00f6z veriyorum daha g\u00fczel projeler, daha g\u00fczel i\u015fler ve \u00fcreten kad\u0131n modelleriyle her daim i\u015fler yapaca\u011f\u0131z. Bu y\u00fczden kad\u0131nlar\u0131m\u0131z ve \u00e7ocuklar\u0131m\u0131z ba\u015fta olmak \u00fczere t\u00fcm hem\u015fehrilerimizi sporla bulu\u015fturmak i\u00e7in \u00e7al\u0131\u015f\u0131yoruz. Her \u015fey daha sa\u011fl\u0131kl\u0131 ve mutlu bir Merkezefendi i\u00e7in&#8221; dedi.<\/p>\n<p>Didem Zeybek: &#8220;Harika bir organizasyondu&#8221;<br \/>\n<br \/>T\u00fcrkiye\u2019nin Zumba Temsilcisi ZES Didem Zeybek, &#8220;Hi\u00e7 durmadan 3 saat s\u00fcren etkinlikte bizi yaln\u0131z b\u0131rakmayan sporseverlere \u00e7ok te\u015fekk\u00fcr ediyorum. \u0130lk defa Denizli\u2019ye geldim ve enerjinize bay\u0131ld\u0131m. Sizlerle beraber bu sahnede olmaktan inan\u0131lmaz keyif ald\u0131m. Bizim tek bir amac\u0131m\u0131z var d\u00fcnyay\u0131 daha g\u00fczel bir yer haline getirmek. \u0130yi ki vars\u0131n\u0131z&#8221; dedi.<br \/><\/p>\n","protected":false},"excerpt":{"rendered":"<p>Merkezefendi Belediyesi taraf\u0131ndan ikinci kez d\u00fczenlenen Zumba Master Class etkinli\u011fi ile il\u00e7edeki dans ve sporseverler bir araya geldi. Ba\u015fkan Do\u011fan, &#8220;Her \u015fey daha sa\u011fl\u0131k ve mutlu bir Merkezefendi i\u00e7in&#8221; dedi. Vatanda\u015f\u0131 spora ve hareket etmeye te\u015fvik etmek i\u00e7in dans ve aerobik hareketleri bir arada bar\u0131nd\u0131ran, v\u00fccudun bir\u00e7ok noktas\u0131n\u0131n ayn\u0131 anda \u00e7al\u0131\u015fmas\u0131n\u0131 sa\u011flayan \u2019Zumba Master Class\u2019&#8230;<\/p>\n","protected":false},"author":1,"featured_media":17607,"comment_status":"open","ping_status":"open","sticky":false,"template":"","format":"standard","meta":{"_crdt_document":"","footnotes":""},"categories":[4],"tags":[],"class_list":["post-17606","post","type-post","status-publish","format-standard","has-post-thumbnail","hentry","category-spor"],"_links":{"self":[{"href":"https:\/\/www.egemtv.com\/index.php?rest_route=\/wp\/v2\/posts\/17606","targetHints":{"allow":["GET"]}}],"collection":[{"href":"https:\/\/www.egemtv.com\/index.php?rest_route=\/wp\/v2\/posts"}],"about":[{"href":"https:\/\/www.egemtv.com\/index.php?rest_route=\/wp\/v2\/types\/post"}],"author":[{"embeddable":true,"href":"https:\/\/www.egemtv.com\/index.php?rest_route=\/wp\/v2\/users\/1"}],"replies":[{"embeddable":true,"href":"https:\/\/www.egemtv.com\/index.php?rest_route=%2Fwp%2Fv2%2Fcomments&post=17606"}],"version-history":[{"count":1,"href":"https:\/\/www.egemtv.com\/index.php?rest_route=\/wp\/v2\/posts\/17606\/revisions"}],"predecessor-version":[{"id":17609,"href":"https:\/\/www.egemtv.com\/index.php?rest_route=\/wp\/v2\/posts\/17606\/revisions\/17609"}],"wp:featuredmedia":[{"embeddable":true,"href":"https:\/\/www.egemtv.com\/index.php?rest_route=\/wp\/v2\/media\/17607"}],"wp:attachment":[{"href":"https:\/\/www.egemtv.com\/index.php?rest_route=%2Fwp%2Fv2%2Fmedia&parent=17606"}],"wp:term":[{"taxonomy":"category","embeddable":true,"href":"https:\/\/www.egemtv.com\/index.php?rest_route=%2Fwp%2Fv2%2Fcategories&post=17606"},{"taxonomy":"post_tag","embeddable":true,"href":"https:\/\/www.egemtv.com\/index.php?rest_route=%2Fwp%2Fv2%2Ftags&post=17606"}],"curies":[{"name":"wp","href":"https:\/\/api.w.org\/{rel}","templated":true}]}}