{"id":17600,"date":"2025-02-10T13:07:18","date_gmt":"2025-02-10T10:07:18","guid":{"rendered":"https:\/\/www.egemtv.com\/?p=17600"},"modified":"2025-02-10T13:07:22","modified_gmt":"2025-02-10T10:07:22","slug":"iki-tirin-kafa-kafaya-carpistigi-kaza-ani-guvenlik-kamerasinda-2","status":"publish","type":"post","link":"https:\/\/www.egemtv.com\/?p=17600","title":{"rendered":"\u0130ki t\u0131r\u0131n kafa kafaya \u00e7arp\u0131\u015ft\u0131\u011f\u0131 kaza an\u0131 g\u00fcvenlik kameras\u0131nda"},"content":{"rendered":"<p>Denizli\u2019nin Buldan il\u00e7esinde kontrol\u00fcn\u00fc kaybeden t\u0131r, kar\u015f\u0131 \u015feride ge\u00e7erek seyir halindeki t\u0131r ile kafa kafaya \u00e7arp\u0131\u015ft\u0131. 2 ki\u015finin yaraland\u0131\u011f\u0131 ve \u00e7arp\u0131\u015fman\u0131n etkisiyle iki t\u0131r\u0131n hurdaya d\u00f6nd\u00fc\u011f\u00fc kaza an\u0131, bir akaryak\u0131t istasyonunun g\u00fcvenlik kameras\u0131n\u0131 anbean yans\u0131d\u0131.<\/p>\n<p>Kaza, Buldan il\u00e7esine ba\u011fl\u0131 Ac\u0131su mevkiinde meydana geldi. Edinilen bilgilere g\u00f6re; Denizli-Manisa karayolunda seyir halinde olan A.K. idaresindeki 35 CGK 031 plakal\u0131 t\u0131r, hen\u00fcz belirlenemeyen bir nedenle s\u00fcr\u00fcc\u00fcs\u00fcn\u00fcn direksiyon hakimiyetini kaybetmesi sonucu kontrolde \u00e7\u0131kt\u0131. Orta ref\u00fcj\u00fc a\u015farak di\u011fer \u015feride ge\u00e7en t\u0131r, Manisa\u2019dan Denizli istikametine seyir halinde olan N.K.\u2019n\u0131n kulland\u0131\u011f\u0131 45 KB 0417 plakal\u0131 t\u0131r ile kafa kafaya \u00e7arp\u0131\u015ft\u0131. Kazay\u0131 g\u00f6ren \u00e7evredeki vatanda\u015flar durumu 112 Acil \u00c7a\u011fr\u0131 Merkezi\u2019ne bildirdi. \u0130hbar \u00fczerine b\u00f6lgeye sa\u011fl\u0131k, jandarma ve itfaiye ekipleri sevk edildi.<\/p>\n<p>B\u00f6lgeye gelen sa\u011fl\u0131k ekipleri iki t\u0131rda bulunan yaral\u0131lar\u0131 olay yerinde ilk m\u00fcdahaleleri yap\u0131ld\u0131. Kazada yaralanan s\u00fcr\u00fcc\u00fcler, olay yerinde yap\u0131lan ilk m\u00fcdahalelerinin ard\u0131ndan ambulans ile Denizli Devlet Hastanesine kald\u0131r\u0131ld\u0131. Kaza sonucunda 2 t\u0131rda hurdaya d\u00f6nerken, s\u00fcr\u00fcc\u00fclerden A.K.\u2019nin durumunun a\u011f\u0131r oldu\u011fu \u00f6\u011frenildi.<\/p>\n<p>Meydana gelen feci kazan\u0131n g\u00f6r\u00fcnt\u00fcleri ortaya \u00e7\u0131kt\u0131. Karayolu \u00fczerinde faaliyet g\u00f6steren bir akaryak\u0131t istasyonunun g\u00fcvenlik kameras\u0131na yans\u0131yan g\u00f6r\u00fcnt\u00fclerde t\u0131r\u0131n kontrolden \u00e7\u0131karak, kar\u015f\u0131 \u015feride ge\u00e7ip kar\u015f\u0131 y\u00f6nde gelen t\u0131ra \u00e7arpt\u0131\u011f\u0131 anlar yer ald\u0131.<br \/><\/p>\n","protected":false},"excerpt":{"rendered":"<p>Denizli\u2019nin Buldan il\u00e7esinde kontrol\u00fcn\u00fc kaybeden t\u0131r, kar\u015f\u0131 \u015feride ge\u00e7erek seyir halindeki t\u0131r ile kafa kafaya \u00e7arp\u0131\u015ft\u0131. 2 ki\u015finin yaraland\u0131\u011f\u0131 ve \u00e7arp\u0131\u015fman\u0131n etkisiyle iki t\u0131r\u0131n hurdaya d\u00f6nd\u00fc\u011f\u00fc kaza an\u0131, bir akaryak\u0131t istasyonunun g\u00fcvenlik kameras\u0131n\u0131 anbean yans\u0131d\u0131. Kaza, Buldan il\u00e7esine ba\u011fl\u0131 Ac\u0131su mevkiinde meydana geldi. Edinilen bilgilere g\u00f6re; Denizli-Manisa karayolunda seyir halinde olan A.K. idaresindeki 35 CGK&#8230;<\/p>\n","protected":false},"author":1,"featured_media":17601,"comment_status":"open","ping_status":"open","sticky":false,"template":"","format":"standard","meta":{"_crdt_document":"","footnotes":""},"categories":[5],"tags":[],"class_list":["post-17600","post","type-post","status-publish","format-standard","has-post-thumbnail","hentry","category-asayis"],"_links":{"self":[{"href":"https:\/\/www.egemtv.com\/index.php?rest_route=\/wp\/v2\/posts\/17600","targetHints":{"allow":["GET"]}}],"collection":[{"href":"https:\/\/www.egemtv.com\/index.php?rest_route=\/wp\/v2\/posts"}],"about":[{"href":"https:\/\/www.egemtv.com\/index.php?rest_route=\/wp\/v2\/types\/post"}],"author":[{"embeddable":true,"href":"https:\/\/www.egemtv.com\/index.php?rest_route=\/wp\/v2\/users\/1"}],"replies":[{"embeddable":true,"href":"https:\/\/www.egemtv.com\/index.php?rest_route=%2Fwp%2Fv2%2Fcomments&post=17600"}],"version-history":[{"count":1,"href":"https:\/\/www.egemtv.com\/index.php?rest_route=\/wp\/v2\/posts\/17600\/revisions"}],"predecessor-version":[{"id":17605,"href":"https:\/\/www.egemtv.com\/index.php?rest_route=\/wp\/v2\/posts\/17600\/revisions\/17605"}],"wp:featuredmedia":[{"embeddable":true,"href":"https:\/\/www.egemtv.com\/index.php?rest_route=\/wp\/v2\/media\/17601"}],"wp:attachment":[{"href":"https:\/\/www.egemtv.com\/index.php?rest_route=%2Fwp%2Fv2%2Fmedia&parent=17600"}],"wp:term":[{"taxonomy":"category","embeddable":true,"href":"https:\/\/www.egemtv.com\/index.php?rest_route=%2Fwp%2Fv2%2Fcategories&post=17600"},{"taxonomy":"post_tag","embeddable":true,"href":"https:\/\/www.egemtv.com\/index.php?rest_route=%2Fwp%2Fv2%2Ftags&post=17600"}],"curies":[{"name":"wp","href":"https:\/\/api.w.org\/{rel}","templated":true}]}}