{"id":17595,"date":"2025-02-10T12:57:27","date_gmt":"2025-02-10T09:57:27","guid":{"rendered":"https:\/\/www.egemtv.com\/?p=17595"},"modified":"2025-02-10T12:57:36","modified_gmt":"2025-02-10T09:57:36","slug":"denizlili-taekwondoculardan-buyuk-basari","status":"publish","type":"post","link":"https:\/\/www.egemtv.com\/?p=17595","title":{"rendered":"Denizlili taekwondoculardan b\u00fcy\u00fck ba\u015far\u0131"},"content":{"rendered":"<p>12\u2019nci Uluslararas\u0131 T\u00fcrkiye Open Taekwondo \u015eampiyonas\u0131\u2019nda Denizli\u2019yi 4 sporcu temsil etti. Tatamiyi rakiplerine dar eden Fatih G\u00fcltekin alt\u0131n madalya al\u0131rken Serpil Sal\u0131k ve Nuriye G\u00fcrel bronz madalya kazand\u0131.<\/p>\n<p>8-16 \u015eubat 2025 tarihlerinde Antalya\u2019da devam eden 12\u2019nci Uluslararas\u0131 T\u00fcrkiye Open Taekwondo \u015eampiyonas\u0131\u2019nda 60 \u00fclkeden yakla\u015f\u0131k 3 bin sporcu \u015fampiyonluk i\u00e7in yar\u0131\u015f\u0131t\u0131. Turnuvada, Denizli\u2019yi 4 sporcu temsil editti.<br \/>\n<br \/>2025 y\u0131l\u0131n\u0131n ba\u015f\u0131nda Denizli\u2019nin ilk alt\u0131n madalyas\u0131n\u0131 getiren Fatih G\u00fcltekin, K41 Kategorisinde yar\u0131\u015ft\u0131\u011f\u0131 Turnuvada \u015fampiyonlu\u011funu koruyarak tekrar alt\u0131n madalyan\u0131n sahibi oldu. Di\u011fer sporcular\u0131m\u0131zdan Nuriye G\u00fcrel ve Serpil Sal\u0131k K44 kategorisinde T\u00fcrkiye \u00dc\u00e7\u00fcnc\u00fcs\u00fc olma ba\u015far\u0131s\u0131n\u0131 g\u00f6sterdi. Ebubekir Temel ise \u00e7eyrek finalde madalyan\u0131n ucundan d\u00f6nd\u00fc.<\/p>\n<p>Milli Antren\u00f6r Alper Karbuz\u2019dan sporculara destek<br \/>\n<br \/>Antren\u00f6r Alper Karbuz; sporcular\u0131na olan g\u00fcvenini dile getirerek, ba\u015far\u0131lar\u0131n\u0131 tekrarlayacaklar\u0131na inand\u0131\u011f\u0131n\u0131 belirtti. Bu ba\u015far\u0131lar i\u00e7in \u00e7ok emek verdiklerini ve vermeye devam edeceklerini vurgulayan Karbuz, &#8220;Ba\u015far\u0131 sadece fiziksel g\u00fc\u00e7le de\u011fil, zihinsel odaklanma ve azimle elde edilir. Biz de bu konuda sporcular\u0131m\u0131z\u0131 en iyi \u015fekilde haz\u0131rl\u0131yoruz.&#8221; dedi.<br \/><\/p>\n","protected":false},"excerpt":{"rendered":"<p>12\u2019nci Uluslararas\u0131 T\u00fcrkiye Open Taekwondo \u015eampiyonas\u0131\u2019nda Denizli\u2019yi 4 sporcu temsil etti. Tatamiyi rakiplerine dar eden Fatih G\u00fcltekin alt\u0131n madalya al\u0131rken Serpil Sal\u0131k ve Nuriye G\u00fcrel bronz madalya kazand\u0131. 8-16 \u015eubat 2025 tarihlerinde Antalya\u2019da devam eden 12\u2019nci Uluslararas\u0131 T\u00fcrkiye Open Taekwondo \u015eampiyonas\u0131\u2019nda 60 \u00fclkeden yakla\u015f\u0131k 3 bin sporcu \u015fampiyonluk i\u00e7in yar\u0131\u015f\u0131t\u0131. Turnuvada, Denizli\u2019yi 4 sporcu temsil&#8230;<\/p>\n","protected":false},"author":1,"featured_media":17596,"comment_status":"open","ping_status":"open","sticky":false,"template":"","format":"standard","meta":{"_crdt_document":"","footnotes":""},"categories":[4],"tags":[],"class_list":["post-17595","post","type-post","status-publish","format-standard","has-post-thumbnail","hentry","category-spor"],"_links":{"self":[{"href":"https:\/\/www.egemtv.com\/index.php?rest_route=\/wp\/v2\/posts\/17595","targetHints":{"allow":["GET"]}}],"collection":[{"href":"https:\/\/www.egemtv.com\/index.php?rest_route=\/wp\/v2\/posts"}],"about":[{"href":"https:\/\/www.egemtv.com\/index.php?rest_route=\/wp\/v2\/types\/post"}],"author":[{"embeddable":true,"href":"https:\/\/www.egemtv.com\/index.php?rest_route=\/wp\/v2\/users\/1"}],"replies":[{"embeddable":true,"href":"https:\/\/www.egemtv.com\/index.php?rest_route=%2Fwp%2Fv2%2Fcomments&post=17595"}],"version-history":[{"count":1,"href":"https:\/\/www.egemtv.com\/index.php?rest_route=\/wp\/v2\/posts\/17595\/revisions"}],"predecessor-version":[{"id":17597,"href":"https:\/\/www.egemtv.com\/index.php?rest_route=\/wp\/v2\/posts\/17595\/revisions\/17597"}],"wp:featuredmedia":[{"embeddable":true,"href":"https:\/\/www.egemtv.com\/index.php?rest_route=\/wp\/v2\/media\/17596"}],"wp:attachment":[{"href":"https:\/\/www.egemtv.com\/index.php?rest_route=%2Fwp%2Fv2%2Fmedia&parent=17595"}],"wp:term":[{"taxonomy":"category","embeddable":true,"href":"https:\/\/www.egemtv.com\/index.php?rest_route=%2Fwp%2Fv2%2Fcategories&post=17595"},{"taxonomy":"post_tag","embeddable":true,"href":"https:\/\/www.egemtv.com\/index.php?rest_route=%2Fwp%2Fv2%2Ftags&post=17595"}],"curies":[{"name":"wp","href":"https:\/\/api.w.org\/{rel}","templated":true}]}}