{"id":17592,"date":"2025-02-10T12:53:59","date_gmt":"2025-02-10T09:53:59","guid":{"rendered":"https:\/\/www.egemtv.com\/?p=17592"},"modified":"2025-02-10T12:54:05","modified_gmt":"2025-02-10T09:54:05","slug":"izmir-itfaiyesinin-verdigi-egitimler-hayat-kurtariyor","status":"publish","type":"post","link":"https:\/\/www.egemtv.com\/?p=17592","title":{"rendered":"\u0130zmir \u0130tfaiyesi\u2019nin verdi\u011fi e\u011fitimler hayat kurtar\u0131yor"},"content":{"rendered":"<p>\u0130zmir B\u00fcy\u00fck\u015fehir Belediyesi \u0130tfaiye Dairesi Ba\u015fkanl\u0131\u011f\u0131 E\u011fitim \u015eube M\u00fcd\u00fcrl\u00fc\u011f\u00fc, \u0130tfaiye Yang\u0131n ve Do\u011fal Afet E\u011fitim Merkezi\u2019nde; yang\u0131nlardan do\u011fal afetlere, arama-kurtarmadan ilkyard\u0131ma kadar bir\u00e7ok konuda acil durum e\u011fitimi veriyor. Uluslararas\u0131 standartlarda itfaiye personeli yeti\u015ftirebilmek i\u00e7in merkezde g\u00f6revli 12 e\u011fitmen, end\u00fcstriyel yang\u0131nlar, yap\u0131 yang\u0131nlar\u0131, tehlikeli madde kazalar\u0131 ile m\u00fccadele, risk y\u00f6netimi ve komuta \u00e7al\u0131\u015fmalar\u0131 konular\u0131nda hayat kurtaran bilgiler sunuyor.<\/p>\n<p>2024 y\u0131l\u0131nda 31 bin 280 ki\u015fi e\u011fitimden ge\u00e7ti<br \/>\n<br \/>Merkezde \u00f6zel sekt\u00f6rde \u00e7al\u0131\u015fan itfaiye ekiplerine, vatanda\u015flara, yine talep eden i\u015fletmelere yang\u0131n ve do\u011fal afet gibi durumlara h\u0131zl\u0131 ve etkili m\u00fcdahale teknikleri \u00f6\u011fretiliyor. E\u011fitime kat\u0131lanlar Do\u011fal Afet E\u011fitim Sim\u00fclasyonlar\u0131nda, ger\u00e7e\u011fe yak\u0131n m\u00fcdahale teknikleriyle afetlere haz\u0131rlan\u0131yor. E\u011fitim \u015eube M\u00fcd\u00fcrl\u00fc\u011f\u00fcnce, 2024 y\u0131l\u0131nda muhtarlar ve \u00f6\u011frenciler de dahil toplam 31 bin 280 ki\u015fi e\u011fitimden ge\u00e7ti.<\/p>\n<p>&#8220;Genel itfaiyecilik becerileri kazand\u0131r\u0131yoruz&#8221;<br \/>\n<br \/>\u0130zmir B\u00fcy\u00fck\u015fehir Belediyesi \u0130tfaiye Dairesi Ba\u015fkanl\u0131\u011f\u0131 E\u011fitim \u015eube M\u00fcd\u00fcr\u00fc Serkan Korkmaz 2004 y\u0131l\u0131ndan bu yana 73 bin metrekare alan \u00fczerinde hizmet veren tesisin, T\u00fcrkiye\u2019de tek oldu\u011funu s\u00f6yledi. Korkmaz, burada verilen e\u011fitimler sayesinde itfaiye personelinin sahada kar\u015f\u0131la\u015facaklar\u0131 olaylara, yurtta\u015flar\u0131n ise evlerinde, i\u015f yerlerinde olas\u0131 yang\u0131nlara kar\u015f\u0131 etkili m\u00fccadele becerileri kazand\u0131rd\u0131\u011f\u0131n\u0131 s\u00f6yledi. Korkmaz, &#8220;E\u011fitim tesisinde yang\u0131nla m\u00fccadele, kentsel arama kurtarma, da\u011fda arama kurtarma, end\u00fcstriyel yang\u0131nlar ve \u00e7ok ama\u00e7l\u0131 yang\u0131n, kapal\u0131 alan yang\u0131nlar\u0131 gibi \u00e7ok y\u00f6nl\u00fc e\u011fitim veriliyor. Yine \u00f6zel ve kamu kurum kurulu\u015flara yang\u0131n bilgisi e\u011fitimlerinden yararlan\u0131yor. E\u011fitimlerimizde genel itfaiye becerilerini de kazand\u0131r\u0131yoruz&#8221; dedi.<\/p>\n<p>Ger\u00e7e\u011fe yak\u0131n e\u011fitimler<br \/>\n<br \/>Merkezde ger\u00e7ek\u00e7i bir e\u011fitim imkan\u0131 sunuldu\u011funu da aktaran Serkan Korkmaz, &#8220;\u0130tfaiye personelinin kar\u015f\u0131la\u015fabilece\u011fi zorlu g\u00f6revler \u00f6ncesinde, onlar\u0131n hem fiziksel hem de zihinsel olarak haz\u0131r olmalar\u0131n\u0131 sa\u011fl\u0131yoruz. Bununla birlikte ekip \u00e7al\u0131\u015fmas\u0131, koordinasyon, g\u00fcvenlik ve risk y\u00f6netimi konusunda da e\u011fitim veriyoruz. Yap\u0131lan bu \u00e7al\u0131\u015fmalar sayesinde, itfaiye personeli sahada kar\u015f\u0131la\u015ft\u0131klar\u0131 zorluklar\u0131 \u00f6ncesinde ger\u00e7e\u011fe yak\u0131n e\u011fitimlerde g\u00f6rd\u00fckleri i\u00e7in daha haz\u0131rl\u0131kl\u0131 oluyor. Bu da h\u0131zl\u0131, etkili, bilin\u00e7li bir m\u00fcdahale imkan\u0131 sa\u011fl\u0131yor. E\u011fitim tesisimiz ulusal d\u00fczeyde. \u00dclkemizdeki tek e\u011fitim tesisi ve d\u00fcnyadaki teknolojik geli\u015fmeleri yak\u0131ndan takip ederek s\u00fcrekli kendini geli\u015ftiriyor. Sanal ger\u00e7ekli\u011fi artt\u0131r\u0131lm\u0131\u015f deprem sim\u00fclasyonu, sanal ger\u00e7ekli\u011fi artt\u0131r\u0131lm\u0131\u015f yang\u0131n sim\u00fclasyonlar\u0131 ile e\u011fitimler yap\u0131l\u0131yor&#8221; diye konu\u015ftu.<\/p>\n<p>Bilin\u00e7li, h\u0131zl\u0131 ve etkili m\u00fcdahale<br \/>\n<br \/>\u0130tfaiye E\u011fitim Amiri \u00d6zg\u00fcr Adal Kervank\u0131ran da itfaiyecilerin sadece yang\u0131n s\u00f6nd\u00fcrme \u00e7al\u0131\u015fmalar\u0131na kat\u0131lmad\u0131\u011f\u0131n\u0131; sel su bask\u0131nlar\u0131, deprem, trafik kazalar\u0131, arama kurtarma gibi bir\u00e7ok zorlu g\u00f6revi \u00fcstlendiklerini s\u00f6yledi. \u00d6ncelikle itfaiyecilerin sahada kar\u015f\u0131la\u015ft\u0131klar\u0131 olaylara daha bilin\u00e7li, h\u0131zl\u0131 ve etkili m\u00fcdahalesi i\u00e7in ger\u00e7e\u011fe yak\u0131n e\u011fitim verdiklerini ifade eden Kervank\u0131ran, kamu kurum ve kurulu\u015flara ve \u00f6zel sekt\u00f6rden talep edenlere de ayn\u0131 hizmetin sunuldu\u011funu belirtti. Kervank\u0131ran, &#8220;Milli E\u011fitim Bakanl\u0131\u011f\u0131 ile protokol\u00fcm\u00fcz var. E\u011fitim \u00f6\u011fretim s\u00fcresince her g\u00fcn bir okul misafirimiz oluyor. \u00c7ocuklar\u0131m\u0131za temel afet bilincini a\u015f\u0131l\u0131yoruz. Hem kamu hem de \u00f6zel kurumlar\u0131n temel afet bilinci, deprem an\u0131nda kurtarma, kentsel arama kurtarma, t\u00fcnel yang\u0131nlar\u0131, \u015fehir i\u00e7erisinde ya\u015fanacak ev yang\u0131nlar\u0131, end\u00fcstriyel tesis yang\u0131nlar\u0131, da\u011fda arama, iple eri\u015fim konusunda t\u00fcm olas\u0131 senaryolar \u00fczerinden e\u011fitimler veriyoruz&#8221; dedi.<\/p>\n<p>Yang\u0131n s\u00f6nd\u00fcrme t\u00fcp\u00fcn\u00fc hafife almay\u0131n<br \/>\n<br \/>\u00d6zg\u00fcr Kervank\u0131ran, yurtta\u015flar\u0131n da olas\u0131 yang\u0131nlara do\u011fru \u015fekilde m\u00fcdahalesinin, hayati \u00f6nem ta\u015f\u0131d\u0131\u011f\u0131n\u0131 anlatarak, &#8220;Yang\u0131n s\u00f6nd\u00fcrme t\u00fcp\u00fc, k\u00fc\u00e7\u00fck g\u00f6r\u00fcnebilir ama etkisi son derece b\u00fcy\u00fck. Bir\u00e7ok yang\u0131n, bu ara\u00e7lar sayesinde hen\u00fcz ba\u015flang\u0131\u00e7 a\u015famas\u0131ndayken kontrol alt\u0131na al\u0131n\u0131yor. Yang\u0131n s\u00f6nd\u00fcrme cihaz\u0131n\u0131n kullan\u0131lmas\u0131, bunun tekniklerini, do\u011fru m\u00fcdahale y\u00f6ntemlerini \u00f6\u011fretiyoruz. Toplum bu konuda bilin\u00e7lendi\u011fi zaman, yang\u0131nlarla m\u00fccadelemiz daha da ba\u015far\u0131l\u0131 oluyor&#8221; dedi.<\/p>\n<p>Ald\u0131\u011f\u0131 e\u011fitim sayesinde ailesinin hayat\u0131n\u0131 kurtard\u0131<br \/>\n<br \/>Fabrikalara, i\u015f yerlerine giderek yang\u0131n konusunda e\u011fitim verdiklerini hat\u0131rlatan Kervank\u0131ran, \u015funlar\u0131 s\u00f6yledi: &#8220;Bir \u00e7erez fabrikas\u0131nda yang\u0131n e\u011fitimi vermi\u015ftim. Bizden ald\u0131klar\u0131 e\u011fitim sayesinde yanan kavurma makinas\u0131n\u0131 s\u00f6nd\u00fcrmeyi ba\u015fararak, i\u015fyerinde b\u00fcy\u00fck bir yang\u0131n\u0131n \u00f6n\u00fcne ge\u00e7tiklerini s\u00f6ylediler. Olay b\u00fcy\u00fcmeden kontrol alt\u0131na al\u0131nm\u0131\u015f. Bu benim i\u00e7in \u00e7ok \u00f6nemli. Verdi\u011fimiz e\u011fitimlerin, insan hayat\u0131 a\u00e7\u0131s\u0131ndan \u00f6nemini daha iyi kavr\u0131yorum. Bu e\u011fitimler sayesinde, itfaiye arac\u0131 olay yerine gidene kadar, insanlar\u0131n do\u011fru m\u00fcdahalesi, yang\u0131n\u0131n b\u00fcy\u00fcmesini engelliyor. Yine burada temel afet bilinci alan \u00f6\u011frencilerimizden biri, baca yang\u0131n\u0131 s\u0131ras\u0131nda ailesini uyand\u0131r\u0131p, hasar\u0131 ve can kayb\u0131n\u0131 \u00f6nl\u00fcyor.&#8221;<br \/><\/p>\n","protected":false},"excerpt":{"rendered":"<p>\u0130zmir B\u00fcy\u00fck\u015fehir Belediyesi \u0130tfaiye Dairesi Ba\u015fkanl\u0131\u011f\u0131 E\u011fitim \u015eube M\u00fcd\u00fcrl\u00fc\u011f\u00fc, \u0130tfaiye Yang\u0131n ve Do\u011fal Afet E\u011fitim Merkezi\u2019nde; yang\u0131nlardan do\u011fal afetlere, arama-kurtarmadan ilkyard\u0131ma kadar bir\u00e7ok konuda acil durum e\u011fitimi veriyor. Uluslararas\u0131 standartlarda itfaiye personeli yeti\u015ftirebilmek i\u00e7in merkezde g\u00f6revli 12 e\u011fitmen, end\u00fcstriyel yang\u0131nlar, yap\u0131 yang\u0131nlar\u0131, tehlikeli madde kazalar\u0131 ile m\u00fccadele, risk y\u00f6netimi ve komuta \u00e7al\u0131\u015fmalar\u0131 konular\u0131nda hayat kurtaran&#8230;<\/p>\n","protected":false},"author":1,"featured_media":17593,"comment_status":"open","ping_status":"open","sticky":false,"template":"","format":"standard","meta":{"_crdt_document":"","footnotes":""},"categories":[5],"tags":[],"class_list":["post-17592","post","type-post","status-publish","format-standard","has-post-thumbnail","hentry","category-asayis"],"_links":{"self":[{"href":"https:\/\/www.egemtv.com\/index.php?rest_route=\/wp\/v2\/posts\/17592","targetHints":{"allow":["GET"]}}],"collection":[{"href":"https:\/\/www.egemtv.com\/index.php?rest_route=\/wp\/v2\/posts"}],"about":[{"href":"https:\/\/www.egemtv.com\/index.php?rest_route=\/wp\/v2\/types\/post"}],"author":[{"embeddable":true,"href":"https:\/\/www.egemtv.com\/index.php?rest_route=\/wp\/v2\/users\/1"}],"replies":[{"embeddable":true,"href":"https:\/\/www.egemtv.com\/index.php?rest_route=%2Fwp%2Fv2%2Fcomments&post=17592"}],"version-history":[{"count":1,"href":"https:\/\/www.egemtv.com\/index.php?rest_route=\/wp\/v2\/posts\/17592\/revisions"}],"predecessor-version":[{"id":17594,"href":"https:\/\/www.egemtv.com\/index.php?rest_route=\/wp\/v2\/posts\/17592\/revisions\/17594"}],"wp:featuredmedia":[{"embeddable":true,"href":"https:\/\/www.egemtv.com\/index.php?rest_route=\/wp\/v2\/media\/17593"}],"wp:attachment":[{"href":"https:\/\/www.egemtv.com\/index.php?rest_route=%2Fwp%2Fv2%2Fmedia&parent=17592"}],"wp:term":[{"taxonomy":"category","embeddable":true,"href":"https:\/\/www.egemtv.com\/index.php?rest_route=%2Fwp%2Fv2%2Fcategories&post=17592"},{"taxonomy":"post_tag","embeddable":true,"href":"https:\/\/www.egemtv.com\/index.php?rest_route=%2Fwp%2Fv2%2Ftags&post=17592"}],"curies":[{"name":"wp","href":"https:\/\/api.w.org\/{rel}","templated":true}]}}