{"id":17589,"date":"2025-02-10T12:42:10","date_gmt":"2025-02-10T09:42:10","guid":{"rendered":"https:\/\/www.egemtv.com\/?p=17589"},"modified":"2025-02-10T12:42:17","modified_gmt":"2025-02-10T09:42:17","slug":"eylul-aygulden-turkiye-sampiyonasinda-cifte-madalya","status":"publish","type":"post","link":"https:\/\/www.egemtv.com\/?p=17589","title":{"rendered":"Eyl\u00fcl Ayg\u00fcl\u2019den T\u00fcrkiye \u015eampiyonas\u0131nda \u00e7ifte madalya"},"content":{"rendered":"<p>T\u00fcrkiye Atletizm Federasyonu taraf\u0131ndan Bursa\u2019da d\u00fczenlenen Nejat K\u00f6k U16 T\u00fcrkiye Atletizm Salon \u015eampiyonas\u0131\u2019nda Manisa\u2019y\u0131 temsil eden sporcu Eyl\u00fcl Ayg\u00fcl, g\u00f6sterdi\u011fi \u00fcst\u00fcn performansla 1 alt\u0131n 1 bronz madalya kazanarak \u00f6nemli bir ba\u015far\u0131 elde etti.<br \/>\n<br \/>\u015eampiyonada Manisa\u2019y\u0131 temsil eden sporcu Eyl\u00fcl Ayg\u00fcl, sergiledi\u011fi \u00fcst\u00fcn performansla b\u00fcy\u00fck bir ba\u015far\u0131 elde etti. 3 ad\u0131m atlama bran\u015f\u0131nda T\u00fcrkiye birincisi olarak alt\u0131n madalya kazanan ba\u015far\u0131l\u0131 atlet, uzun atlama bran\u015f\u0131nda ise T\u00fcrkiye \u00fc\u00e7\u00fcnc\u00fcs\u00fc olarak bronz madalyan\u0131n sahibi oldu.<br \/>\n<br \/>Manisa Gen\u00e7lik ve Spor \u0130l M\u00fcd\u00fcr\u00fc Yunus \u00d6zt\u00fcrk, gen\u00e7 sporcunun elde etti\u011fi ba\u015far\u0131dan dolay\u0131 b\u00fcy\u00fck gurur duyduklar\u0131n\u0131 belirterek, Eyl\u00fcl Ayg\u00fcl\u2019\u00fc ve antren\u00f6r\u00fc D\u00f6nd\u00fc Yeter\u2019i tebrik etti.<br \/>\n<br \/>\u0130l M\u00fcd\u00fcr\u00fc \u00d6zt\u00fcrk, &#8220;Manisa\u2019m\u0131za kazand\u0131rd\u0131\u011f\u0131m\u0131z modern atletizm tesisi sayesinde \u015fampiyon sporcular yeti\u015ftirmeye devam ediyoruz. Sporcumuz Eyl\u00fcl\u2019\u00fcn bu b\u00fcy\u00fck ba\u015far\u0131s\u0131, do\u011fru yat\u0131r\u0131mlar\u0131n, disiplinli \u00e7al\u0131\u015fman\u0131n ve \u00f6zverili antrenmanlar\u0131n bir sonucudur. Spor \u015eehri Manisa\u2019m\u0131zda daha bir\u00e7ok \u015fampiyon sporcular yeti\u015fecek. Manisa Gen\u00e7lik ve Spor \u0130l M\u00fcd\u00fcrl\u00fc\u011f\u00fc olarak, gen\u00e7lerimizi en iyi \u015fekilde desteklemeye ve onlara en iyi imkanlar\u0131 sunmaya devam edece\u011fiz&#8221; dedi.<br \/><\/p>\n","protected":false},"excerpt":{"rendered":"<p>T\u00fcrkiye Atletizm Federasyonu taraf\u0131ndan Bursa\u2019da d\u00fczenlenen Nejat K\u00f6k U16 T\u00fcrkiye Atletizm Salon \u015eampiyonas\u0131\u2019nda Manisa\u2019y\u0131 temsil eden sporcu Eyl\u00fcl Ayg\u00fcl, g\u00f6sterdi\u011fi \u00fcst\u00fcn performansla 1 alt\u0131n 1 bronz madalya kazanarak \u00f6nemli bir ba\u015far\u0131 elde etti. \u015eampiyonada Manisa\u2019y\u0131 temsil eden sporcu Eyl\u00fcl Ayg\u00fcl, sergiledi\u011fi \u00fcst\u00fcn performansla b\u00fcy\u00fck bir ba\u015far\u0131 elde etti. 3 ad\u0131m atlama bran\u015f\u0131nda T\u00fcrkiye birincisi olarak&#8230;<\/p>\n","protected":false},"author":1,"featured_media":17590,"comment_status":"open","ping_status":"open","sticky":false,"template":"","format":"standard","meta":{"_crdt_document":"","footnotes":""},"categories":[4],"tags":[],"class_list":["post-17589","post","type-post","status-publish","format-standard","has-post-thumbnail","hentry","category-spor"],"_links":{"self":[{"href":"https:\/\/www.egemtv.com\/index.php?rest_route=\/wp\/v2\/posts\/17589","targetHints":{"allow":["GET"]}}],"collection":[{"href":"https:\/\/www.egemtv.com\/index.php?rest_route=\/wp\/v2\/posts"}],"about":[{"href":"https:\/\/www.egemtv.com\/index.php?rest_route=\/wp\/v2\/types\/post"}],"author":[{"embeddable":true,"href":"https:\/\/www.egemtv.com\/index.php?rest_route=\/wp\/v2\/users\/1"}],"replies":[{"embeddable":true,"href":"https:\/\/www.egemtv.com\/index.php?rest_route=%2Fwp%2Fv2%2Fcomments&post=17589"}],"version-history":[{"count":1,"href":"https:\/\/www.egemtv.com\/index.php?rest_route=\/wp\/v2\/posts\/17589\/revisions"}],"predecessor-version":[{"id":17591,"href":"https:\/\/www.egemtv.com\/index.php?rest_route=\/wp\/v2\/posts\/17589\/revisions\/17591"}],"wp:featuredmedia":[{"embeddable":true,"href":"https:\/\/www.egemtv.com\/index.php?rest_route=\/wp\/v2\/media\/17590"}],"wp:attachment":[{"href":"https:\/\/www.egemtv.com\/index.php?rest_route=%2Fwp%2Fv2%2Fmedia&parent=17589"}],"wp:term":[{"taxonomy":"category","embeddable":true,"href":"https:\/\/www.egemtv.com\/index.php?rest_route=%2Fwp%2Fv2%2Fcategories&post=17589"},{"taxonomy":"post_tag","embeddable":true,"href":"https:\/\/www.egemtv.com\/index.php?rest_route=%2Fwp%2Fv2%2Ftags&post=17589"}],"curies":[{"name":"wp","href":"https:\/\/api.w.org\/{rel}","templated":true}]}}