{"id":17583,"date":"2025-02-10T12:40:07","date_gmt":"2025-02-10T09:40:07","guid":{"rendered":"https:\/\/www.egemtv.com\/?p=17583"},"modified":"2025-02-10T12:40:12","modified_gmt":"2025-02-10T09:40:12","slug":"baskan-zencirci-evi-yanan-aileyi-unutmadi","status":"publish","type":"post","link":"https:\/\/www.egemtv.com\/?p=17583","title":{"rendered":"Ba\u015fkan Zencirci, evi yanan aileyi unutmad\u0131"},"content":{"rendered":"<p>Germencik Belediye Ba\u015fkan\u0131 Burak Zencirci, ge\u00e7ti\u011fimiz g\u00fcn evi yanan Ali Koral\u2019\u0131 ziyaret ederek \u2019ge\u00e7mi\u015f olsun\u2019 dileklerini iletti.<\/p>\n<p>Mesudiye Mahallesi\u2019nde Ali Koral\u2019a ait evde, hen\u00fcz bilinmeyen bir nedenle yang\u0131n meydana geldi. Yang\u0131n ekiplerin m\u00fcdahalesiyle s\u00f6nd\u00fcr\u00fcl\u00fcrken, ev kullan\u0131lamaz hale geldi. Yang\u0131n\u0131n \u00e7\u0131k\u0131\u015f nedeninin belirlenmesi i\u00e7in \u00e7al\u0131\u015fmalar s\u00fcrerken, Germencik Belediye Ba\u015fkan\u0131 Burak Zencirci, evi yanan aileyi ziyaret etti. Ge\u00e7mi\u015f olsun dileklerinde bulunan Ba\u015fkan Zencirci, bir can kayb\u0131n\u0131n ya\u015fanmamas\u0131n\u0131n en b\u00fcy\u00fc teselli oldu\u011funu ifade ederek &#8220;Evinde yang\u0131n meydana gelen Mesudiye Mahallesi sakinlerinden Ali Koral\u2019\u0131 ziyaret ederek ge\u00e7mi\u015f olsun dileklerimizi sunduk. Herhangi bir can kayb\u0131n\u0131n ya\u015fanmamas\u0131 en b\u00fcy\u00fck tesellimiz oldu. Tekrardan ge\u00e7mi\u015f olsun dileklerimi bildiriyorum&#8221; dedi.<br \/><\/p>\n","protected":false},"excerpt":{"rendered":"<p>Germencik Belediye Ba\u015fkan\u0131 Burak Zencirci, ge\u00e7ti\u011fimiz g\u00fcn evi yanan Ali Koral\u2019\u0131 ziyaret ederek \u2019ge\u00e7mi\u015f olsun\u2019 dileklerini iletti. Mesudiye Mahallesi\u2019nde Ali Koral\u2019a ait evde, hen\u00fcz bilinmeyen bir nedenle yang\u0131n meydana geldi. Yang\u0131n ekiplerin m\u00fcdahalesiyle s\u00f6nd\u00fcr\u00fcl\u00fcrken, ev kullan\u0131lamaz hale geldi. Yang\u0131n\u0131n \u00e7\u0131k\u0131\u015f nedeninin belirlenmesi i\u00e7in \u00e7al\u0131\u015fmalar s\u00fcrerken, Germencik Belediye Ba\u015fkan\u0131 Burak Zencirci, evi yanan aileyi ziyaret etti&#8230;.<\/p>\n","protected":false},"author":1,"featured_media":17584,"comment_status":"open","ping_status":"open","sticky":false,"template":"","format":"standard","meta":{"_crdt_document":"","footnotes":""},"categories":[1],"tags":[],"class_list":["post-17583","post","type-post","status-publish","format-standard","has-post-thumbnail","hentry","category-guncel"],"_links":{"self":[{"href":"https:\/\/www.egemtv.com\/index.php?rest_route=\/wp\/v2\/posts\/17583","targetHints":{"allow":["GET"]}}],"collection":[{"href":"https:\/\/www.egemtv.com\/index.php?rest_route=\/wp\/v2\/posts"}],"about":[{"href":"https:\/\/www.egemtv.com\/index.php?rest_route=\/wp\/v2\/types\/post"}],"author":[{"embeddable":true,"href":"https:\/\/www.egemtv.com\/index.php?rest_route=\/wp\/v2\/users\/1"}],"replies":[{"embeddable":true,"href":"https:\/\/www.egemtv.com\/index.php?rest_route=%2Fwp%2Fv2%2Fcomments&post=17583"}],"version-history":[{"count":1,"href":"https:\/\/www.egemtv.com\/index.php?rest_route=\/wp\/v2\/posts\/17583\/revisions"}],"predecessor-version":[{"id":17585,"href":"https:\/\/www.egemtv.com\/index.php?rest_route=\/wp\/v2\/posts\/17583\/revisions\/17585"}],"wp:featuredmedia":[{"embeddable":true,"href":"https:\/\/www.egemtv.com\/index.php?rest_route=\/wp\/v2\/media\/17584"}],"wp:attachment":[{"href":"https:\/\/www.egemtv.com\/index.php?rest_route=%2Fwp%2Fv2%2Fmedia&parent=17583"}],"wp:term":[{"taxonomy":"category","embeddable":true,"href":"https:\/\/www.egemtv.com\/index.php?rest_route=%2Fwp%2Fv2%2Fcategories&post=17583"},{"taxonomy":"post_tag","embeddable":true,"href":"https:\/\/www.egemtv.com\/index.php?rest_route=%2Fwp%2Fv2%2Ftags&post=17583"}],"curies":[{"name":"wp","href":"https:\/\/api.w.org\/{rel}","templated":true}]}}