{"id":17580,"date":"2025-02-10T12:39:59","date_gmt":"2025-02-10T09:39:59","guid":{"rendered":"https:\/\/www.egemtv.com\/?p=17580"},"modified":"2025-02-10T12:40:06","modified_gmt":"2025-02-10T09:40:06","slug":"ozgur-ozel-sozunu-tutmayinca-isciler-parti-binasi-onunde-toplandi","status":"publish","type":"post","link":"https:\/\/www.egemtv.com\/?p=17580","title":{"rendered":"\u00d6zg\u00fcr \u00d6zel s\u00f6z\u00fcn\u00fc tutmay\u0131nca i\u015f\u00e7iler parti binas\u0131 \u00f6n\u00fcnde topland\u0131"},"content":{"rendered":"<p>Kar\u015f\u0131yaka Belediyesi taraf\u0131ndan &#8220;g\u00fcveni k\u00f6t\u00fcye kullanma, h\u0131rs\u0131zl\u0131k veya s\u0131rlar\u0131n if\u015fa edilmesi&#8221; anlam\u0131nda gelen SGK 26 ve 46 kodlar\u0131yla i\u015ften \u00e7\u0131kar\u0131lan D\u0130SK\u2019e ba\u011fl\u0131 Genel \u0130\u015f Sendikas\u0131 \u00fcyesi 93 i\u015f\u00e7i, 185 g\u00fcnd\u00fcr eylemlerine devam ediyor. Cumhuriyet Halk Partisi (CHP) Genel Ba\u015fkan\u0131 \u00d6zg\u00fcr \u00d6zel taraf\u0131ndan kendilerine verilen s\u00f6zlerin tutulmad\u0131\u011f\u0131n\u0131 belirten i\u015f\u00e7iler, CHP il binas\u0131 \u00f6n\u00fcnde toplanarak konunun \u00e7\u00f6z\u00fcme kavu\u015fturulmas\u0131n\u0131 talep etti.<br \/>\n<br \/>Kar\u015f\u0131yaka Belediyesine ba\u011fl\u0131 Kent A.\u015e.\u2019de \u00e7al\u0131\u015f\u0131rken i\u015ften \u00e7\u0131kart\u0131lan ve 185 g\u00fcnd\u00fcr zaman zaman eylem yapan D\u0130SK\u2019e ba\u011fl\u0131 Genel \u0130\u015f Sendikas\u0131 \u00fcyesi i\u015f\u00e7iler, bug\u00fcn CHP \u0130zmir \u0130l Ba\u015fkanl\u0131\u011f\u0131 \u00f6n\u00fcnde topland\u0131. \u2018Kent A.\u015e. i\u015f\u00e7isi direni\u015fin simgesi\u2019 ve \u2018\u0130\u015fimizi geri istiyoruz\u2019 gibi sloganlar atan i\u015f\u00e7iler, i\u015flerine geri d\u00f6nmek istiyor.<br \/>\n<br \/>\u0130\u015f\u00e7iler ad\u0131na s\u00f6z alan El\u00e7in Cin\u011f, &#8220;Kar\u015f\u0131yaka Belediyesi Kent A.\u015e b\u00fcnyesinde y\u0131llard\u0131r emek veren, al\u0131n teriyle ge\u00e7imini sa\u011flayan \u00e7al\u0131\u015fanlard\u0131k. Hi\u00e7bir hakl\u0131 gerek\u00e7e olmaks\u0131z\u0131n haks\u0131z ve hukuksuz bir \u015fekilde \u0130\u015f Kanunu 25\/2 maddesi gerek\u00e7e g\u00f6sterilerek SGK KODU 26 ve 46 ile i\u015ften \u00e7\u0131kar\u0131ld\u0131k. \u0130\u015fverenimiz olan Kar\u015f\u0131yaka Belediyesi bize g\u00fcveni k\u00f6t\u00fcye kullanma, h\u0131rs\u0131zl\u0131k yapma veya meslek s\u0131rlar\u0131n\u0131 a\u00e7\u0131klama gibi su\u00e7lamalar y\u00f6neltti. Bu sebeple i\u015ften \u00e7\u0131kar\u0131lmam\u0131z\u0131n a\u011f\u0131r sonu\u00e7lar\u0131 oldu. K\u0131dem ve ihbar tazminat\u0131m\u0131z\u0131 alamad\u0131k, i\u015fsizlik maa\u015f\u0131na ba\u015fvurma hakk\u0131m\u0131zdan olduk ve SGK kay\u0131tlar\u0131m\u0131za \u2018ahlak ve iyi niyet kurallar\u0131na ayk\u0131r\u0131 davran\u0131\u015f\u2019 nedeniyle i\u015ften \u00e7\u0131kar\u0131ld\u0131\u011f\u0131m\u0131z i\u015flendi. Bu durum, yeni bir i\u015f bulmam\u0131z\u0131 da zorla\u015ft\u0131r\u0131yor. Bu karar keyfi ve haks\u0131z bir \u015fekilde al\u0131nm\u0131\u015ft\u0131r&#8221; diye belirtti.<\/p>\n<p>&#8220;\u00c7\u00f6z\u00fcm i\u00e7in somut ad\u0131m at\u0131lmad\u0131&#8221;<br \/>\n<br \/>Ailelerinin ge\u00e7imi, verdikleri eme\u011fin kar\u015f\u0131l\u0131\u011f\u0131n\u0131n hi\u00e7e say\u0131lm\u0131\u015f ve  geleceklerinin belirsiz hale geldi\u011finden bahseden \u00c7in\u011f, &#8220;Direni\u015fimizin 132\u2019nci g\u00fcn\u00fcnde, 53 g\u00fcn \u00f6nce u\u011frad\u0131\u011f\u0131m\u0131z bu haks\u0131zl\u0131\u011f\u0131 dile getirdi\u011fimiz CHP Genel Ba\u015fkan\u0131 \u00d6zg\u00fcr \u00d6zel, konunun \u00e7\u00f6z\u00fcme kavu\u015fturulmas\u0131 ile ilgili CHP \u0130zmir \u0130l Ba\u015fkanl\u0131\u011f\u0131ndan \u00e7al\u0131\u015fma yap\u0131lmas\u0131n\u0131 istemi\u015f, 10 Ocak tarihinde ise \u00e7al\u0131\u015fman\u0131n olumlu sonu\u00e7land\u0131\u011f\u0131n\u0131 ve \u00e7\u00f6z\u00fcld\u00fc\u011f\u00fcn\u00fc Konak\u2019ta yapt\u0131\u011f\u0131 bir konu\u015fmada kamuoyuyla payla\u015fm\u0131\u015ft\u0131r. Maalesef bug\u00fcn direni\u015fimizin 185\u2019inci g\u00fcn\u00fc ve \u00e7\u00f6z\u00fcm i\u00e7in hi\u00e7bir somut ad\u0131m at\u0131lm\u0131\u015f de\u011fildir&#8221; ifadelerine yer verdi.<br \/>\n<br \/>&#8220;Biz sadece hakk\u0131m\u0131z olan\u0131 istiyoruz&#8221;<br \/>\n<br \/>M\u00fccadelelerin sonucunu ald\u0131klar\u0131n\u0131 ve i\u015flerine d\u00f6neceklerini d\u00fc\u015f\u00fcnmeleri sebebiyle eylemlere ara verdikten sonra yeni bir yol haritas\u0131 \u00e7izmek zorunda b\u0131rak\u0131ld\u0131klar\u0131ndan bahseden Cin\u011f, \u015funlar\u0131 kaydetti:<br \/>\n<br \/>&#8220;Verilen s\u00f6zler bu hafta i\u00e7inde tutulmaz ve i\u015flerimize d\u00f6nemezsek, ekme\u011fimizi ve onurumuzu savunmak i\u00e7in Ankara\u2019ya y\u00fcr\u00fcme karar\u0131 ald\u0131k. Bu y\u00fcr\u00fcy\u00fc\u015f\u00fcn, yaln\u0131zca bizim de\u011fil, \u00fclkemizde i\u015f g\u00fcvencesi elinden al\u0131nan, eme\u011fi de\u011fersizle\u015ftirilen t\u00fcm \u00e7al\u0131\u015fanlar\u0131n sesi olaca\u011f\u0131na inan\u0131yoruz. Biz, sadece hakk\u0131m\u0131z olan\u0131 istiyoruz. Adalet, i\u015f g\u00fcvencesi ve eme\u011fe sayg\u0131. Yetkilileri, i\u015fverenleri ve kamuoyunu bu haks\u0131zl\u0131\u011fa kar\u015f\u0131 duyarl\u0131 olmaya \u00e7a\u011f\u0131r\u0131yoruz. M\u00fccadelemizden vazge\u00e7meyece\u011fiz.&#8221;<br \/>\n<br \/>\u0130\u015ften \u00e7\u0131kart\u0131lan bir di\u011fer i\u015f\u00e7i Murat S\u00f6ylemez de &#8220;Genel Ba\u015fkan\u0131m\u0131z \u00d6zg\u00fcr \u00d6zel\u2019le Kubilay Anmalar\u0131\u2019nda g\u00f6r\u00fc\u015ft\u00fck. \u00d6zel, bizi arabas\u0131na ald\u0131 ve b\u00fct\u00fcn konular\u0131 kendisine anlatt\u0131k. \u0130l Ba\u015fkan\u0131\u2019na \u2018Bu i\u015fi \u00e7\u00f6z\u00fcn\u2019 diye talimat verdi. Daha sonra Konak\u2019taki bir a\u00e7\u0131l\u0131\u015fta \u2018Bu olay\u0131 \u00e7\u00f6zd\u00fck\u2019 dediler. Ama hala bir somut ad\u0131m yok. Sesimizi duyurmak istedik. \u00c7ok haks\u0131z bir \u015fekilde \u00e7\u0131kar\u0131ld\u0131k&#8221; a\u00e7\u0131klamalar\u0131nda bulundu.<br \/><\/p>\n","protected":false},"excerpt":{"rendered":"<p>Kar\u015f\u0131yaka Belediyesi taraf\u0131ndan &#8220;g\u00fcveni k\u00f6t\u00fcye kullanma, h\u0131rs\u0131zl\u0131k veya s\u0131rlar\u0131n if\u015fa edilmesi&#8221; anlam\u0131nda gelen SGK 26 ve 46 kodlar\u0131yla i\u015ften \u00e7\u0131kar\u0131lan D\u0130SK\u2019e ba\u011fl\u0131 Genel \u0130\u015f Sendikas\u0131 \u00fcyesi 93 i\u015f\u00e7i, 185 g\u00fcnd\u00fcr eylemlerine devam ediyor. Cumhuriyet Halk Partisi (CHP) Genel Ba\u015fkan\u0131 \u00d6zg\u00fcr \u00d6zel taraf\u0131ndan kendilerine verilen s\u00f6zlerin tutulmad\u0131\u011f\u0131n\u0131 belirten i\u015f\u00e7iler, CHP il binas\u0131 \u00f6n\u00fcnde toplanarak konunun \u00e7\u00f6z\u00fcme&#8230;<\/p>\n","protected":false},"author":1,"featured_media":17581,"comment_status":"open","ping_status":"open","sticky":false,"template":"","format":"standard","meta":{"_crdt_document":"","footnotes":""},"categories":[1],"tags":[],"class_list":["post-17580","post","type-post","status-publish","format-standard","has-post-thumbnail","hentry","category-guncel"],"_links":{"self":[{"href":"https:\/\/www.egemtv.com\/index.php?rest_route=\/wp\/v2\/posts\/17580","targetHints":{"allow":["GET"]}}],"collection":[{"href":"https:\/\/www.egemtv.com\/index.php?rest_route=\/wp\/v2\/posts"}],"about":[{"href":"https:\/\/www.egemtv.com\/index.php?rest_route=\/wp\/v2\/types\/post"}],"author":[{"embeddable":true,"href":"https:\/\/www.egemtv.com\/index.php?rest_route=\/wp\/v2\/users\/1"}],"replies":[{"embeddable":true,"href":"https:\/\/www.egemtv.com\/index.php?rest_route=%2Fwp%2Fv2%2Fcomments&post=17580"}],"version-history":[{"count":1,"href":"https:\/\/www.egemtv.com\/index.php?rest_route=\/wp\/v2\/posts\/17580\/revisions"}],"predecessor-version":[{"id":17582,"href":"https:\/\/www.egemtv.com\/index.php?rest_route=\/wp\/v2\/posts\/17580\/revisions\/17582"}],"wp:featuredmedia":[{"embeddable":true,"href":"https:\/\/www.egemtv.com\/index.php?rest_route=\/wp\/v2\/media\/17581"}],"wp:attachment":[{"href":"https:\/\/www.egemtv.com\/index.php?rest_route=%2Fwp%2Fv2%2Fmedia&parent=17580"}],"wp:term":[{"taxonomy":"category","embeddable":true,"href":"https:\/\/www.egemtv.com\/index.php?rest_route=%2Fwp%2Fv2%2Fcategories&post=17580"},{"taxonomy":"post_tag","embeddable":true,"href":"https:\/\/www.egemtv.com\/index.php?rest_route=%2Fwp%2Fv2%2Ftags&post=17580"}],"curies":[{"name":"wp","href":"https:\/\/api.w.org\/{rel}","templated":true}]}}