{"id":17577,"date":"2025-02-10T12:28:51","date_gmt":"2025-02-10T09:28:51","guid":{"rendered":"https:\/\/www.egemtv.com\/?p=17577"},"modified":"2025-02-10T12:28:56","modified_gmt":"2025-02-10T09:28:56","slug":"ilkan-sever-erzurumspor-fkya-transfer-oldu","status":"publish","type":"post","link":"https:\/\/www.egemtv.com\/?p=17577","title":{"rendered":"\u0130lkan Sever, Erzurumspor FK\u2019ya transfer oldu"},"content":{"rendered":"<p>Alt\u0131nordu\u2019nun 20 ya\u015f\u0131ndaki forvet oyuncusu \u0130lkan Sever, 6 milyon TL kar\u015f\u0131l\u0131\u011f\u0131nda Erzurumspor FK\u2019ya transfer oldu. Anla\u015fman\u0131n k\u0131sa s\u00fcre i\u00e7erisinde resmiyete kavu\u015fmas\u0131 bekleniyor.<br \/>\n<br \/>TFF 2. Lig Beyaz Grup ekiplerinden Alt\u0131nordu\u2019da transfer \u00e7al\u0131\u015fmalar\u0131 s\u00fcr\u00fcyor. 2022-2023 sezonunun ara transfer d\u00f6neminde Hollanda\u2019n\u0131n Victoria 28 Enschede ekibinden \u0130lkan Sever\u2019i altyap\u0131s\u0131na dahil eden \u0130zmir ekibi, gen\u00e7 oyuncunun transferi i\u00e7in Erzurumspor FK ile anla\u015ft\u0131. Bu sezon ligde oynad\u0131\u011f\u0131 8 kar\u015f\u0131la\u015fmada 2 kez rakip fileleri havaland\u0131rmay\u0131 ba\u015faran 20 ya\u015f\u0131ndaki oyuncu i\u00e7in Erzurumspor FK\u2019n\u0131n 6 milyon TL bonservis bedeli \u00f6deyece\u011fi ve oyuncunun bir sonraki transferinden de Alt\u0131nordu\u2019nun y\u00fczde 30\u2019luk pay alaca\u011f\u0131 \u00f6\u011frenildi. Transferin k\u0131sa s\u00fcre i\u00e7erisinde resmiyete kavu\u015fmas\u0131 bekleniyor.<br \/><\/p>\n","protected":false},"excerpt":{"rendered":"<p>Alt\u0131nordu\u2019nun 20 ya\u015f\u0131ndaki forvet oyuncusu \u0130lkan Sever, 6 milyon TL kar\u015f\u0131l\u0131\u011f\u0131nda Erzurumspor FK\u2019ya transfer oldu. Anla\u015fman\u0131n k\u0131sa s\u00fcre i\u00e7erisinde resmiyete kavu\u015fmas\u0131 bekleniyor. TFF 2. Lig Beyaz Grup ekiplerinden Alt\u0131nordu\u2019da transfer \u00e7al\u0131\u015fmalar\u0131 s\u00fcr\u00fcyor. 2022-2023 sezonunun ara transfer d\u00f6neminde Hollanda\u2019n\u0131n Victoria 28 Enschede ekibinden \u0130lkan Sever\u2019i altyap\u0131s\u0131na dahil eden \u0130zmir ekibi, gen\u00e7 oyuncunun transferi i\u00e7in Erzurumspor FK&#8230;<\/p>\n","protected":false},"author":1,"featured_media":17578,"comment_status":"open","ping_status":"open","sticky":false,"template":"","format":"standard","meta":{"_crdt_document":"","footnotes":""},"categories":[4],"tags":[],"class_list":["post-17577","post","type-post","status-publish","format-standard","has-post-thumbnail","hentry","category-spor"],"_links":{"self":[{"href":"https:\/\/www.egemtv.com\/index.php?rest_route=\/wp\/v2\/posts\/17577","targetHints":{"allow":["GET"]}}],"collection":[{"href":"https:\/\/www.egemtv.com\/index.php?rest_route=\/wp\/v2\/posts"}],"about":[{"href":"https:\/\/www.egemtv.com\/index.php?rest_route=\/wp\/v2\/types\/post"}],"author":[{"embeddable":true,"href":"https:\/\/www.egemtv.com\/index.php?rest_route=\/wp\/v2\/users\/1"}],"replies":[{"embeddable":true,"href":"https:\/\/www.egemtv.com\/index.php?rest_route=%2Fwp%2Fv2%2Fcomments&post=17577"}],"version-history":[{"count":1,"href":"https:\/\/www.egemtv.com\/index.php?rest_route=\/wp\/v2\/posts\/17577\/revisions"}],"predecessor-version":[{"id":17579,"href":"https:\/\/www.egemtv.com\/index.php?rest_route=\/wp\/v2\/posts\/17577\/revisions\/17579"}],"wp:featuredmedia":[{"embeddable":true,"href":"https:\/\/www.egemtv.com\/index.php?rest_route=\/wp\/v2\/media\/17578"}],"wp:attachment":[{"href":"https:\/\/www.egemtv.com\/index.php?rest_route=%2Fwp%2Fv2%2Fmedia&parent=17577"}],"wp:term":[{"taxonomy":"category","embeddable":true,"href":"https:\/\/www.egemtv.com\/index.php?rest_route=%2Fwp%2Fv2%2Fcategories&post=17577"},{"taxonomy":"post_tag","embeddable":true,"href":"https:\/\/www.egemtv.com\/index.php?rest_route=%2Fwp%2Fv2%2Ftags&post=17577"}],"curies":[{"name":"wp","href":"https:\/\/api.w.org\/{rel}","templated":true}]}}