{"id":17574,"date":"2025-02-10T12:28:44","date_gmt":"2025-02-10T09:28:44","guid":{"rendered":"https:\/\/www.egemtv.com\/?p=17574"},"modified":"2025-02-10T12:28:50","modified_gmt":"2025-02-10T09:28:50","slug":"mugladan-arapgir-ve-yazihan-belediyelerine-arac-destegi","status":"publish","type":"post","link":"https:\/\/www.egemtv.com\/?p=17574","title":{"rendered":"Mu\u011fla\u2019dan Arapgir ve Yaz\u0131han Belediyelerine ara\u00e7 deste\u011fi"},"content":{"rendered":"<p>6 \u015eubat 2023 tarihinde ya\u015fanan ve 11 \u015fehirde b\u00fcy\u00fck y\u0131k\u0131ma neden olan depremin ard\u0131ndan Mu\u011fla B\u00fcy\u00fck\u015fehir Belediyesi depremin yaralar\u0131n\u0131 sarmak, vatanda\u015flar\u0131n yan\u0131nda olmak i\u00e7in \u00e7al\u0131\u015fmalar\u0131na devam ediyor. Bu kapsamda B\u00fcy\u00fck\u015fehir Belediyesi, Malatya\u2019n\u0131n Arapgir ve Yaz\u0131han il\u00e7elerine \u00fc\u00e7 otob\u00fcs hibe etti.<br \/>\n<br \/>Mu\u011fla B\u00fcy\u00fck\u015fehir Belediyesi\u2019nden Malatya\u2019ya ara\u00e7 deste\u011fi<br \/>\n<br \/>Mu\u011fla B\u00fcy\u00fck\u015fehir Belediyesi, depremden etkilenen Malatya\u2019n\u0131n Arapgir Belediyesi\u2019ne 35 koltuk kapasiteli bir otob\u00fcs, Yaz\u0131han Belediyesi\u2019ne ise 17 ve 18 koltuk kapasiteli iki otob\u00fcs olmak \u00fczere toplam \u00fc\u00e7 otob\u00fcs hibe etti. B\u00fcy\u00fck\u015fehir Belediyesi, yerel y\u00f6netimler aras\u0131ndaki dayan\u0131\u015fmay\u0131 artt\u0131rmak amac\u0131yla ger\u00e7ekle\u015ftirdi\u011fi bu destekle, Arapgir ve Yaz\u0131han Belediyelerinin ara\u00e7 filosunu g\u00fc\u00e7lendirmi\u015f oldu. Hibe edilen ara\u00e7lar Arapgir ve Yaz\u0131han Belediyelerine teslim edildi.<br \/>\n<br \/>Ba\u015fkan C\u00f6merto\u011flu, &#8220;Ahmet Ba\u015fkan\u0131m\u0131z\u0131n \u00e7ok k\u0131ymetli dokunu\u015flar\u0131 oldu&#8221;<br \/>\n<br \/>Arapgir Belediye Ba\u015fkan\u0131 Haluk C\u00f6merto\u011flu, &#8220;Ahmet Aras Ba\u015fkan\u0131m\u0131z\u0131n deprem d\u00f6neminde yapt\u0131\u011f\u0131 i\u015flere el\u00e7ilik ettim, \u00e7ok k\u0131ymetli dokunu\u015flar\u0131 oldu, a\u015flar\u0131 oldu. Depremin 2. y\u0131l\u0131nda yine bizleri unutmayarak yard\u0131mlar\u0131na devam ediyorlar. Ben kendisine Malatya\u2019m\u0131z ad\u0131na bir kez daha te\u015fekk\u00fcr\u00fc bor\u00e7 biliyorum, Allah kendisinden raz\u0131 olsun, ekibini muvaffak eylesin&#8221; dedi.<br \/>\n<br \/>Ba\u015fkan G\u00f6\u00e7er, &#8220;Bu hibe ile daha h\u0131zl\u0131 ve daha etkin hizmet verece\u011fiz&#8221;<br \/>\n<br \/>Yaz\u0131han Belediye Ba\u015fkan\u0131 Abdulvahap G\u00f6\u00e7er, &#8220;Mu\u011fla B\u00fcy\u00fck\u015fehir Belediye Ba\u015fkan\u0131 Ahmet Aras taraf\u0131ndan Yaz\u0131han Belediyesi\u2019ne 2 adet hizmet arac\u0131 hibe edildi. Bu destek, il\u00e7emizin hizmet kapasitesini art\u0131rarak vatanda\u015flar\u0131m\u0131za daha h\u0131zl\u0131 ve etkin hizmet sunmam\u0131za katk\u0131 sa\u011flayacakt\u0131r. Desteklerinden dolay\u0131 Mu\u011fla B\u00fcy\u00fck\u015fehir Belediye Ba\u015fkan\u0131m\u0131za te\u015fekk\u00fcr ederiz&#8221;<br \/>\n<br \/>Ba\u015fkan Aras, &#8220;Deprem b\u00f6lgelerinde hemen \u00e7al\u0131\u015fmalara ba\u015flad\u0131k&#8221;<br \/>\n<br \/>Ara\u00e7 tesliminde konu\u015fma yapan Mu\u011fla B\u00fcy\u00fck\u015fehir Belediye Ba\u015fkan\u0131 Ahmet Aras, &#8220;Bug\u00fcn felaketin ikinci y\u0131l d\u00f6n\u00fcm\u00fcnde sizlerle birlikte olabilme \u015fans\u0131 yakalamak \u00e7ok de\u011ferli. 2 y\u0131l \u00f6nce 6 \u015eubat depremini duydu\u011fumuz anda Malatya\u2019daki y\u0131k\u0131m daha duyulmam\u0131\u015ft\u0131. Hemen biz Hatay\u2019a ko\u015ftuk ve Hatay\u2019da daha ikinci g\u00fcn \u00e7orbam\u0131z\u0131 kaynatt\u0131k&#8221; dedi.<br \/>\n<br \/>Aras, &#8220;Biz Mu\u011fla olarak Malatya\u2019n\u0131n yan\u0131nday\u0131z&#8221;<br \/>\n<br \/>&#8220;Depremin ikinci y\u0131l\u0131nda yeniden Malatya\u2019da olmak ve Malatya\u2019m\u0131za Mu\u011fla halk\u0131n\u0131n vicdan\u0131ndan Mu\u011fla halk\u0131n\u0131n o geni\u015f y\u00fcre\u011finden kopan deste\u011fi yapmak i\u00e7in buraday\u0131z. Be\u015f belediye ba\u015fkan\u0131m\u0131zla toplant\u0131 yapt\u0131k ve o toplant\u0131da il\u00e7elerimize nas\u0131l destek olabilece\u011fimizi planlad\u0131k. Bug\u00fcnden itibaren aciliyet s\u0131ras\u0131na g\u00f6re b\u00fct\u00fcn deste\u011fi Malatya\u2019m\u0131zla payla\u015faca\u011f\u0131z. Biz gelirken elimiz bo\u015f gelmedik. Belediyemize toplu ta\u015f\u0131ma arac\u0131 getirdik ve Mu\u011fla halk\u0131n\u0131n Malatya halk\u0131na hediyesidir. Haftaya ekibimiz gelecek ve tek tek proje \u00fczerinde \u00e7al\u0131\u015f\u0131lacak ve halk\u0131m\u0131z\u0131n ihtiya\u00e7lar\u0131na y\u00f6nelik yat\u0131r\u0131mlar bir an \u00f6nce ba\u015flayacak&#8221; dedi.<br \/><\/p>\n","protected":false},"excerpt":{"rendered":"<p>6 \u015eubat 2023 tarihinde ya\u015fanan ve 11 \u015fehirde b\u00fcy\u00fck y\u0131k\u0131ma neden olan depremin ard\u0131ndan Mu\u011fla B\u00fcy\u00fck\u015fehir Belediyesi depremin yaralar\u0131n\u0131 sarmak, vatanda\u015flar\u0131n yan\u0131nda olmak i\u00e7in \u00e7al\u0131\u015fmalar\u0131na devam ediyor. Bu kapsamda B\u00fcy\u00fck\u015fehir Belediyesi, Malatya\u2019n\u0131n Arapgir ve Yaz\u0131han il\u00e7elerine \u00fc\u00e7 otob\u00fcs hibe etti. Mu\u011fla B\u00fcy\u00fck\u015fehir Belediyesi\u2019nden Malatya\u2019ya ara\u00e7 deste\u011fi Mu\u011fla B\u00fcy\u00fck\u015fehir Belediyesi, depremden etkilenen Malatya\u2019n\u0131n Arapgir Belediyesi\u2019ne 35&#8230;<\/p>\n","protected":false},"author":1,"featured_media":17575,"comment_status":"open","ping_status":"open","sticky":false,"template":"","format":"standard","meta":{"_crdt_document":"","footnotes":""},"categories":[125],"tags":[],"class_list":["post-17574","post","type-post","status-publish","format-standard","has-post-thumbnail","hentry","category-ekonomi"],"_links":{"self":[{"href":"https:\/\/www.egemtv.com\/index.php?rest_route=\/wp\/v2\/posts\/17574","targetHints":{"allow":["GET"]}}],"collection":[{"href":"https:\/\/www.egemtv.com\/index.php?rest_route=\/wp\/v2\/posts"}],"about":[{"href":"https:\/\/www.egemtv.com\/index.php?rest_route=\/wp\/v2\/types\/post"}],"author":[{"embeddable":true,"href":"https:\/\/www.egemtv.com\/index.php?rest_route=\/wp\/v2\/users\/1"}],"replies":[{"embeddable":true,"href":"https:\/\/www.egemtv.com\/index.php?rest_route=%2Fwp%2Fv2%2Fcomments&post=17574"}],"version-history":[{"count":1,"href":"https:\/\/www.egemtv.com\/index.php?rest_route=\/wp\/v2\/posts\/17574\/revisions"}],"predecessor-version":[{"id":17576,"href":"https:\/\/www.egemtv.com\/index.php?rest_route=\/wp\/v2\/posts\/17574\/revisions\/17576"}],"wp:featuredmedia":[{"embeddable":true,"href":"https:\/\/www.egemtv.com\/index.php?rest_route=\/wp\/v2\/media\/17575"}],"wp:attachment":[{"href":"https:\/\/www.egemtv.com\/index.php?rest_route=%2Fwp%2Fv2%2Fmedia&parent=17574"}],"wp:term":[{"taxonomy":"category","embeddable":true,"href":"https:\/\/www.egemtv.com\/index.php?rest_route=%2Fwp%2Fv2%2Fcategories&post=17574"},{"taxonomy":"post_tag","embeddable":true,"href":"https:\/\/www.egemtv.com\/index.php?rest_route=%2Fwp%2Fv2%2Ftags&post=17574"}],"curies":[{"name":"wp","href":"https:\/\/api.w.org\/{rel}","templated":true}]}}