{"id":17571,"date":"2025-02-10T12:26:55","date_gmt":"2025-02-10T09:26:55","guid":{"rendered":"https:\/\/www.egemtv.com\/?p=17571"},"modified":"2025-02-10T12:26:59","modified_gmt":"2025-02-10T09:26:59","slug":"ispartada-kuafor-salonuna-tekme-ve-tasli-saldiri-guvenlik-kamerasinda","status":"publish","type":"post","link":"https:\/\/www.egemtv.com\/?p=17571","title":{"rendered":"Isparta\u2019da kuaf\u00f6r salonuna tekme ve ta\u015fl\u0131 sald\u0131r\u0131 g\u00fcvenlik kameras\u0131nda"},"content":{"rendered":"<p>Isparta\u2019da bir kuaf\u00f6r salonunun kap\u0131s\u0131n\u0131 tekmeleyen ve camlar\u0131n\u0131 ta\u015fla k\u0131ran 2 \u015f\u00fcpheli, g\u00fcvenlik kameralar\u0131na yans\u0131d\u0131.<br \/>\n<br \/>Olay, d\u00fcn saat 06.00 s\u0131ralar\u0131nda Fatih Mahallesi 205\u2019inci Caddede meydana geldi. Edinilen bilgilere g\u00f6re, kapal\u0131 olan kuaf\u00f6r\u00fcn d\u0131\u015f\u0131ndaki \u015f\u00fcpheliler \u00f6nce kap\u0131y\u0131 tekmeleyip, ard\u0131ndan ref\u00fcjden cama ta\u015f att\u0131. Camlar\u0131n k\u0131r\u0131lmas\u0131n\u0131n ard\u0131ndan \u015f\u00fcpheliler, bir araca binerek olay yerinden uzakla\u015ft\u0131. Sabah i\u015fletmesine gelen Halil K., durumu fark edip polise ba\u015fvurarak \u015fikayet\u00e7i oldu. G\u00fcvenlik kameras\u0131ndaki g\u00f6r\u00fcnt\u00fcleri inceleyen polis, \u015f\u00fcphelilerin yakalanmas\u0131 i\u00e7in \u00e7al\u0131\u015fma ba\u015flatt\u0131.<br \/>\n<br \/>Sald\u0131r\u0131 anlar\u0131 ise i\u015f yerinin kameras\u0131na saniye saniye yans\u0131d\u0131.<br \/><\/p>\n","protected":false},"excerpt":{"rendered":"<p>Isparta\u2019da bir kuaf\u00f6r salonunun kap\u0131s\u0131n\u0131 tekmeleyen ve camlar\u0131n\u0131 ta\u015fla k\u0131ran 2 \u015f\u00fcpheli, g\u00fcvenlik kameralar\u0131na yans\u0131d\u0131. Olay, d\u00fcn saat 06.00 s\u0131ralar\u0131nda Fatih Mahallesi 205\u2019inci Caddede meydana geldi. Edinilen bilgilere g\u00f6re, kapal\u0131 olan kuaf\u00f6r\u00fcn d\u0131\u015f\u0131ndaki \u015f\u00fcpheliler \u00f6nce kap\u0131y\u0131 tekmeleyip, ard\u0131ndan ref\u00fcjden cama ta\u015f att\u0131. Camlar\u0131n k\u0131r\u0131lmas\u0131n\u0131n ard\u0131ndan \u015f\u00fcpheliler, bir araca binerek olay yerinden uzakla\u015ft\u0131. Sabah i\u015fletmesine gelen&#8230;<\/p>\n","protected":false},"author":1,"featured_media":17572,"comment_status":"open","ping_status":"open","sticky":false,"template":"","format":"standard","meta":{"_crdt_document":"","footnotes":""},"categories":[5],"tags":[],"class_list":["post-17571","post","type-post","status-publish","format-standard","has-post-thumbnail","hentry","category-asayis"],"_links":{"self":[{"href":"https:\/\/www.egemtv.com\/index.php?rest_route=\/wp\/v2\/posts\/17571","targetHints":{"allow":["GET"]}}],"collection":[{"href":"https:\/\/www.egemtv.com\/index.php?rest_route=\/wp\/v2\/posts"}],"about":[{"href":"https:\/\/www.egemtv.com\/index.php?rest_route=\/wp\/v2\/types\/post"}],"author":[{"embeddable":true,"href":"https:\/\/www.egemtv.com\/index.php?rest_route=\/wp\/v2\/users\/1"}],"replies":[{"embeddable":true,"href":"https:\/\/www.egemtv.com\/index.php?rest_route=%2Fwp%2Fv2%2Fcomments&post=17571"}],"version-history":[{"count":1,"href":"https:\/\/www.egemtv.com\/index.php?rest_route=\/wp\/v2\/posts\/17571\/revisions"}],"predecessor-version":[{"id":17573,"href":"https:\/\/www.egemtv.com\/index.php?rest_route=\/wp\/v2\/posts\/17571\/revisions\/17573"}],"wp:featuredmedia":[{"embeddable":true,"href":"https:\/\/www.egemtv.com\/index.php?rest_route=\/wp\/v2\/media\/17572"}],"wp:attachment":[{"href":"https:\/\/www.egemtv.com\/index.php?rest_route=%2Fwp%2Fv2%2Fmedia&parent=17571"}],"wp:term":[{"taxonomy":"category","embeddable":true,"href":"https:\/\/www.egemtv.com\/index.php?rest_route=%2Fwp%2Fv2%2Fcategories&post=17571"},{"taxonomy":"post_tag","embeddable":true,"href":"https:\/\/www.egemtv.com\/index.php?rest_route=%2Fwp%2Fv2%2Ftags&post=17571"}],"curies":[{"name":"wp","href":"https:\/\/api.w.org\/{rel}","templated":true}]}}