{"id":17568,"date":"2025-02-10T12:19:14","date_gmt":"2025-02-10T09:19:14","guid":{"rendered":"https:\/\/www.egemtv.com\/?p=17568"},"modified":"2025-02-10T12:19:20","modified_gmt":"2025-02-10T09:19:20","slug":"ispartada-is-yerinde-cikan-yangin-itfaiye-ekiplerince-sonduruldu","status":"publish","type":"post","link":"https:\/\/www.egemtv.com\/?p=17568","title":{"rendered":"Isparta\u2019da i\u015f yerinde \u00e7\u0131kan yang\u0131n itfaiye ekiplerince s\u00f6nd\u00fcr\u00fcld\u00fc"},"content":{"rendered":"<p>Isparta\u2019da bir i\u015f yerinde \u00e7\u0131kan yang\u0131n, itfaiye ekiplerinin m\u00fcdahalesiyle s\u00f6nd\u00fcr\u00fcld\u00fc. Yang\u0131nda i\u015f yerinde maddi hasar meydana gelirken, yang\u0131n\u0131n \u00e7\u0131k\u0131\u015f nedeni ile ilgili inceleme ba\u015flat\u0131ld\u0131.<br \/>\n<br \/>Yang\u0131n, gece saatlerinde Isparta\u2019n\u0131n Kepeci Mahallesi\u2019nde meydana geldi. Edinilen bilgilere g\u00f6re, bir i\u015f yerinde hen\u00fcz bilinmeyen bir nedenle yang\u0131n \u00e7\u0131kt\u0131. Yang\u0131n alarm\u0131n\u0131n devreye girmesiyle dumanlar\u0131n y\u00fckseldi\u011fini g\u00f6ren \u00e7evredeki vatanda\u015flar, durumu 112 Acil \u00c7a\u011fr\u0131 Merkezi\u2019ne bildirdi. \u0130hbar \u00fczerine b\u00f6lgeye polis ve itfaiye ekipleri sevk edildi. Olay yerine gelen itfaiye ekiplerinin m\u00fcdahalesiyle yang\u0131n k\u0131sa s\u00fcrede s\u00f6nd\u00fcr\u00fcld\u00fc. Yang\u0131nda i\u015f yerinde maddi hasar meydana gelirken, yang\u0131n\u0131n \u00e7\u0131k\u0131\u015f nedeni ile ilgili inceleme ba\u015flat\u0131ld\u0131.<br \/><\/p>\n","protected":false},"excerpt":{"rendered":"<p>Isparta\u2019da bir i\u015f yerinde \u00e7\u0131kan yang\u0131n, itfaiye ekiplerinin m\u00fcdahalesiyle s\u00f6nd\u00fcr\u00fcld\u00fc. Yang\u0131nda i\u015f yerinde maddi hasar meydana gelirken, yang\u0131n\u0131n \u00e7\u0131k\u0131\u015f nedeni ile ilgili inceleme ba\u015flat\u0131ld\u0131. Yang\u0131n, gece saatlerinde Isparta\u2019n\u0131n Kepeci Mahallesi\u2019nde meydana geldi. Edinilen bilgilere g\u00f6re, bir i\u015f yerinde hen\u00fcz bilinmeyen bir nedenle yang\u0131n \u00e7\u0131kt\u0131. Yang\u0131n alarm\u0131n\u0131n devreye girmesiyle dumanlar\u0131n y\u00fckseldi\u011fini g\u00f6ren \u00e7evredeki vatanda\u015flar, durumu 112&#8230;<\/p>\n","protected":false},"author":1,"featured_media":17569,"comment_status":"open","ping_status":"open","sticky":false,"template":"","format":"standard","meta":{"_crdt_document":"","footnotes":""},"categories":[5],"tags":[],"class_list":["post-17568","post","type-post","status-publish","format-standard","has-post-thumbnail","hentry","category-asayis"],"_links":{"self":[{"href":"https:\/\/www.egemtv.com\/index.php?rest_route=\/wp\/v2\/posts\/17568","targetHints":{"allow":["GET"]}}],"collection":[{"href":"https:\/\/www.egemtv.com\/index.php?rest_route=\/wp\/v2\/posts"}],"about":[{"href":"https:\/\/www.egemtv.com\/index.php?rest_route=\/wp\/v2\/types\/post"}],"author":[{"embeddable":true,"href":"https:\/\/www.egemtv.com\/index.php?rest_route=\/wp\/v2\/users\/1"}],"replies":[{"embeddable":true,"href":"https:\/\/www.egemtv.com\/index.php?rest_route=%2Fwp%2Fv2%2Fcomments&post=17568"}],"version-history":[{"count":1,"href":"https:\/\/www.egemtv.com\/index.php?rest_route=\/wp\/v2\/posts\/17568\/revisions"}],"predecessor-version":[{"id":17570,"href":"https:\/\/www.egemtv.com\/index.php?rest_route=\/wp\/v2\/posts\/17568\/revisions\/17570"}],"wp:featuredmedia":[{"embeddable":true,"href":"https:\/\/www.egemtv.com\/index.php?rest_route=\/wp\/v2\/media\/17569"}],"wp:attachment":[{"href":"https:\/\/www.egemtv.com\/index.php?rest_route=%2Fwp%2Fv2%2Fmedia&parent=17568"}],"wp:term":[{"taxonomy":"category","embeddable":true,"href":"https:\/\/www.egemtv.com\/index.php?rest_route=%2Fwp%2Fv2%2Fcategories&post=17568"},{"taxonomy":"post_tag","embeddable":true,"href":"https:\/\/www.egemtv.com\/index.php?rest_route=%2Fwp%2Fv2%2Ftags&post=17568"}],"curies":[{"name":"wp","href":"https:\/\/api.w.org\/{rel}","templated":true}]}}