{"id":17565,"date":"2025-02-10T12:19:10","date_gmt":"2025-02-10T09:19:10","guid":{"rendered":"https:\/\/www.egemtv.com\/?p=17565"},"modified":"2025-02-10T12:19:13","modified_gmt":"2025-02-10T09:19:13","slug":"denizlide-otomobile-carpan-motosikletli-yaralandi","status":"publish","type":"post","link":"https:\/\/www.egemtv.com\/?p=17565","title":{"rendered":"Denizli\u2019de otomobile \u00e7arpan motosikletli yaraland\u0131"},"content":{"rendered":"<p>Denizli\u2019de seyir halineyken \u00f6n\u00fcne \u00e7\u0131kan otomobile \u00e7arpan motosiklet s\u00fcr\u00fcc\u00fcs\u00fc yaraland\u0131.<\/p>\n<p>Kaza, Denizli\u2019nin Pamukkale \u0130l\u00e7esi Atalar Mahallesinde meydana geldi. Motosikletiyle seyir halideki M. \u00c7. aniden \u00f6n\u00fcne \u00e7\u0131kan Tofa\u015f marka \u00e7arpt\u0131. \u00c7arpman\u0131n etkisiyle motosiklet s\u00fcr\u00fcc\u00fcs\u00fc M. \u00c7. kald\u0131r\u0131ma savruldu. Kazay\u0131 g\u00f6ren vatanlar hemen M. \u00c7.\u2019nin yard\u0131m\u0131na ko\u015ftu ve 112 acil \u00e7a\u011fr\u0131 merkezine ihbarda bulundu. \u0130hbar \u00fczerine olay yerine polis ve sa\u011fl\u0131k ekipleri sevk edildi. Olay yerine gelen sa\u011fl\u0131k ekipleri taraf\u0131ndan yaral\u0131 s\u00fcr\u00fcc\u00fcn\u00fcn ilk m\u00fcdahalesini olay yerinde yapt\u0131ktan sonra ambulansla Denizli Devlet Hastanesi\u2019ne sevk edildi. Kazada yaralanan motosiklet s\u00fcr\u00fcc\u00fcs\u00fc M. \u00c7\u2019nin k\u00f6pr\u00fcc\u00fck kemi\u011finde k\u0131r\u0131k olu\u015ftu\u011fu ve hayati tehlikesinin olamad\u0131\u011f\u0131 \u00f6\u011frenildi.<\/p>\n<p>Motosiklet s\u00fcr\u00fcc\u00fcs\u00fcn\u00fcn yaraland\u0131\u011f\u0131 kazan\u0131 an\u0131 saniye saniye g\u00fcvenlik kameralar\u0131 taraf\u0131ndan kay\u0131t edildi.   Kazayla ilgili soru\u015fturma ba\u015flat\u0131ld\u0131.<br \/><\/p>\n","protected":false},"excerpt":{"rendered":"<p>Denizli\u2019de seyir halineyken \u00f6n\u00fcne \u00e7\u0131kan otomobile \u00e7arpan motosiklet s\u00fcr\u00fcc\u00fcs\u00fc yaraland\u0131. Kaza, Denizli\u2019nin Pamukkale \u0130l\u00e7esi Atalar Mahallesinde meydana geldi. Motosikletiyle seyir halideki M. \u00c7. aniden \u00f6n\u00fcne \u00e7\u0131kan Tofa\u015f marka \u00e7arpt\u0131. \u00c7arpman\u0131n etkisiyle motosiklet s\u00fcr\u00fcc\u00fcs\u00fc M. \u00c7. kald\u0131r\u0131ma savruldu. Kazay\u0131 g\u00f6ren vatanlar hemen M. \u00c7.\u2019nin yard\u0131m\u0131na ko\u015ftu ve 112 acil \u00e7a\u011fr\u0131 merkezine ihbarda bulundu. \u0130hbar \u00fczerine olay&#8230;<\/p>\n","protected":false},"author":1,"featured_media":17566,"comment_status":"open","ping_status":"open","sticky":false,"template":"","format":"standard","meta":{"_crdt_document":"","footnotes":""},"categories":[5],"tags":[],"class_list":["post-17565","post","type-post","status-publish","format-standard","has-post-thumbnail","hentry","category-asayis"],"_links":{"self":[{"href":"https:\/\/www.egemtv.com\/index.php?rest_route=\/wp\/v2\/posts\/17565","targetHints":{"allow":["GET"]}}],"collection":[{"href":"https:\/\/www.egemtv.com\/index.php?rest_route=\/wp\/v2\/posts"}],"about":[{"href":"https:\/\/www.egemtv.com\/index.php?rest_route=\/wp\/v2\/types\/post"}],"author":[{"embeddable":true,"href":"https:\/\/www.egemtv.com\/index.php?rest_route=\/wp\/v2\/users\/1"}],"replies":[{"embeddable":true,"href":"https:\/\/www.egemtv.com\/index.php?rest_route=%2Fwp%2Fv2%2Fcomments&post=17565"}],"version-history":[{"count":1,"href":"https:\/\/www.egemtv.com\/index.php?rest_route=\/wp\/v2\/posts\/17565\/revisions"}],"predecessor-version":[{"id":17567,"href":"https:\/\/www.egemtv.com\/index.php?rest_route=\/wp\/v2\/posts\/17565\/revisions\/17567"}],"wp:featuredmedia":[{"embeddable":true,"href":"https:\/\/www.egemtv.com\/index.php?rest_route=\/wp\/v2\/media\/17566"}],"wp:attachment":[{"href":"https:\/\/www.egemtv.com\/index.php?rest_route=%2Fwp%2Fv2%2Fmedia&parent=17565"}],"wp:term":[{"taxonomy":"category","embeddable":true,"href":"https:\/\/www.egemtv.com\/index.php?rest_route=%2Fwp%2Fv2%2Fcategories&post=17565"},{"taxonomy":"post_tag","embeddable":true,"href":"https:\/\/www.egemtv.com\/index.php?rest_route=%2Fwp%2Fv2%2Ftags&post=17565"}],"curies":[{"name":"wp","href":"https:\/\/api.w.org\/{rel}","templated":true}]}}