{"id":17559,"date":"2025-02-10T12:12:15","date_gmt":"2025-02-10T09:12:15","guid":{"rendered":"https:\/\/www.egemtv.com\/?p=17559"},"modified":"2025-02-10T12:12:23","modified_gmt":"2025-02-10T09:12:23","slug":"afyonkarahisarda-hava-durumu","status":"publish","type":"post","link":"https:\/\/www.egemtv.com\/?p=17559","title":{"rendered":"Afyonkarahisar\u2019da hava durumu"},"content":{"rendered":"<p>Meteorolojik verilere g\u00f6re, Afyonkarahisar\u2019da s\u0131cakl\u0131klar\u0131n bu hafta eksi 5 derecelere kadar d\u00fc\u015fece\u011fi belirtilirken, ayr\u0131ca hafta boyunca ise ya\u011f\u0131\u015f beklenmedi\u011fi belirtildi.<br \/>\n<br \/>Yap\u0131lan son tahminlere g\u00f6re, kentte bug\u00fcn ve yar\u0131n hava s\u0131cakl\u0131klar\u0131n\u0131n \u00f6zellikle geceleri eksi derecelerin alt\u0131na d\u00fc\u015fece\u011fi kaydedildi. De\u011ferlendirmelere g\u00f6re, s\u0131cakl\u0131klar\u0131n eksi 5 derecelere g\u00f6rece\u011fi kentte hafta boyunca en y\u00fcksek s\u0131cakl\u0131\u011f\u0131n ise 10 derece seviyelerinde olaca\u011f\u0131 tahmin ediliyor.<br \/>\n<br \/>Tahminleri g\u00f6re, kentte ayr\u0131ca hafta i\u00e7i ya\u011f\u0131\u015f beklenmedi\u011fi \u00f6\u011frenildi.<br \/><\/p>\n","protected":false},"excerpt":{"rendered":"<p>Meteorolojik verilere g\u00f6re, Afyonkarahisar\u2019da s\u0131cakl\u0131klar\u0131n bu hafta eksi 5 derecelere kadar d\u00fc\u015fece\u011fi belirtilirken, ayr\u0131ca hafta boyunca ise ya\u011f\u0131\u015f beklenmedi\u011fi belirtildi. Yap\u0131lan son tahminlere g\u00f6re, kentte bug\u00fcn ve yar\u0131n hava s\u0131cakl\u0131klar\u0131n\u0131n \u00f6zellikle geceleri eksi derecelerin alt\u0131na d\u00fc\u015fece\u011fi kaydedildi. De\u011ferlendirmelere g\u00f6re, s\u0131cakl\u0131klar\u0131n eksi 5 derecelere g\u00f6rece\u011fi kentte hafta boyunca en y\u00fcksek s\u0131cakl\u0131\u011f\u0131n ise 10 derece seviyelerinde olaca\u011f\u0131&#8230;<\/p>\n","protected":false},"author":1,"featured_media":17560,"comment_status":"open","ping_status":"open","sticky":false,"template":"","format":"standard","meta":{"_crdt_document":"","footnotes":""},"categories":[1],"tags":[],"class_list":["post-17559","post","type-post","status-publish","format-standard","has-post-thumbnail","hentry","category-guncel"],"_links":{"self":[{"href":"https:\/\/www.egemtv.com\/index.php?rest_route=\/wp\/v2\/posts\/17559","targetHints":{"allow":["GET"]}}],"collection":[{"href":"https:\/\/www.egemtv.com\/index.php?rest_route=\/wp\/v2\/posts"}],"about":[{"href":"https:\/\/www.egemtv.com\/index.php?rest_route=\/wp\/v2\/types\/post"}],"author":[{"embeddable":true,"href":"https:\/\/www.egemtv.com\/index.php?rest_route=\/wp\/v2\/users\/1"}],"replies":[{"embeddable":true,"href":"https:\/\/www.egemtv.com\/index.php?rest_route=%2Fwp%2Fv2%2Fcomments&post=17559"}],"version-history":[{"count":1,"href":"https:\/\/www.egemtv.com\/index.php?rest_route=\/wp\/v2\/posts\/17559\/revisions"}],"predecessor-version":[{"id":17561,"href":"https:\/\/www.egemtv.com\/index.php?rest_route=\/wp\/v2\/posts\/17559\/revisions\/17561"}],"wp:featuredmedia":[{"embeddable":true,"href":"https:\/\/www.egemtv.com\/index.php?rest_route=\/wp\/v2\/media\/17560"}],"wp:attachment":[{"href":"https:\/\/www.egemtv.com\/index.php?rest_route=%2Fwp%2Fv2%2Fmedia&parent=17559"}],"wp:term":[{"taxonomy":"category","embeddable":true,"href":"https:\/\/www.egemtv.com\/index.php?rest_route=%2Fwp%2Fv2%2Fcategories&post=17559"},{"taxonomy":"post_tag","embeddable":true,"href":"https:\/\/www.egemtv.com\/index.php?rest_route=%2Fwp%2Fv2%2Ftags&post=17559"}],"curies":[{"name":"wp","href":"https:\/\/api.w.org\/{rel}","templated":true}]}}