{"id":17556,"date":"2025-02-10T12:06:59","date_gmt":"2025-02-10T09:06:59","guid":{"rendered":"https:\/\/www.egemtv.com\/?p=17556"},"modified":"2025-02-10T12:07:05","modified_gmt":"2025-02-10T09:07:05","slug":"egirdirde-ciftcilere-modern-tarim-yontemleri-anlatildi","status":"publish","type":"post","link":"https:\/\/www.egemtv.com\/?p=17556","title":{"rendered":"E\u011firdir\u2019de \u00e7ift\u00e7ilere modern tar\u0131m y\u00f6ntemleri anlat\u0131ld\u0131"},"content":{"rendered":"<p>Isparta\u2019n\u0131n E\u011firdir il\u00e7esinde elma fidan\u0131 dikimi yapan \u00e7ift\u00e7ilere modern tar\u0131m y\u00f6ntemleri anlat\u0131ld\u0131.<br \/>\n<br \/>E\u011firdir \u0130l\u00e7e Tar\u0131m ve Orman M\u00fcd\u00fcr\u00fc Yahya Enes \u00dcnsal, teknik ekibiyle birlikte so\u011fuk havaya ra\u011fmen elma fidan\u0131 dikimi yapan \u00e7ift\u00e7ilerle bir araya geldi. \u00c7ift\u00e7ilere arazi haz\u0131rl\u0131\u011f\u0131, do\u011fru dikim derinli\u011fi, dikim y\u00f6n\u00fc, g\u00fcbreleme ile modern tar\u0131m y\u00f6ntemleri konusunda bilgilendirilme yap\u0131ld\u0131. \u00dcnsal, E\u011firdir\u2019in, modern elma \u00fcretiminde \u00f6nemli bir merkez olma yolunda ilerledi\u011fi ifade edildi. \u0130l\u00e7ede geleneksel elma yeti\u015ftiricili\u011finden modern tar\u0131m tekniklerine ge\u00e7i\u015fin h\u0131zla devam etti\u011fini belirten \u00dcnsal, &#8220;Modern elma tar\u0131m\u0131 denince akla E\u011firdir gelecek&#8221; ifadelerini kulland\u0131.<br \/><\/p>\n","protected":false},"excerpt":{"rendered":"<p>Isparta\u2019n\u0131n E\u011firdir il\u00e7esinde elma fidan\u0131 dikimi yapan \u00e7ift\u00e7ilere modern tar\u0131m y\u00f6ntemleri anlat\u0131ld\u0131. E\u011firdir \u0130l\u00e7e Tar\u0131m ve Orman M\u00fcd\u00fcr\u00fc Yahya Enes \u00dcnsal, teknik ekibiyle birlikte so\u011fuk havaya ra\u011fmen elma fidan\u0131 dikimi yapan \u00e7ift\u00e7ilerle bir araya geldi. \u00c7ift\u00e7ilere arazi haz\u0131rl\u0131\u011f\u0131, do\u011fru dikim derinli\u011fi, dikim y\u00f6n\u00fc, g\u00fcbreleme ile modern tar\u0131m y\u00f6ntemleri konusunda bilgilendirilme yap\u0131ld\u0131. \u00dcnsal, E\u011firdir\u2019in, modern elma&#8230;<\/p>\n","protected":false},"author":1,"featured_media":17557,"comment_status":"open","ping_status":"open","sticky":false,"template":"","format":"standard","meta":{"_crdt_document":"","footnotes":""},"categories":[1],"tags":[],"class_list":["post-17556","post","type-post","status-publish","format-standard","has-post-thumbnail","hentry","category-guncel"],"_links":{"self":[{"href":"https:\/\/www.egemtv.com\/index.php?rest_route=\/wp\/v2\/posts\/17556","targetHints":{"allow":["GET"]}}],"collection":[{"href":"https:\/\/www.egemtv.com\/index.php?rest_route=\/wp\/v2\/posts"}],"about":[{"href":"https:\/\/www.egemtv.com\/index.php?rest_route=\/wp\/v2\/types\/post"}],"author":[{"embeddable":true,"href":"https:\/\/www.egemtv.com\/index.php?rest_route=\/wp\/v2\/users\/1"}],"replies":[{"embeddable":true,"href":"https:\/\/www.egemtv.com\/index.php?rest_route=%2Fwp%2Fv2%2Fcomments&post=17556"}],"version-history":[{"count":1,"href":"https:\/\/www.egemtv.com\/index.php?rest_route=\/wp\/v2\/posts\/17556\/revisions"}],"predecessor-version":[{"id":17558,"href":"https:\/\/www.egemtv.com\/index.php?rest_route=\/wp\/v2\/posts\/17556\/revisions\/17558"}],"wp:featuredmedia":[{"embeddable":true,"href":"https:\/\/www.egemtv.com\/index.php?rest_route=\/wp\/v2\/media\/17557"}],"wp:attachment":[{"href":"https:\/\/www.egemtv.com\/index.php?rest_route=%2Fwp%2Fv2%2Fmedia&parent=17556"}],"wp:term":[{"taxonomy":"category","embeddable":true,"href":"https:\/\/www.egemtv.com\/index.php?rest_route=%2Fwp%2Fv2%2Fcategories&post=17556"},{"taxonomy":"post_tag","embeddable":true,"href":"https:\/\/www.egemtv.com\/index.php?rest_route=%2Fwp%2Fv2%2Ftags&post=17556"}],"curies":[{"name":"wp","href":"https:\/\/api.w.org\/{rel}","templated":true}]}}