{"id":17553,"date":"2025-02-10T12:01:44","date_gmt":"2025-02-10T09:01:44","guid":{"rendered":"https:\/\/www.egemtv.com\/?p=17553"},"modified":"2025-02-10T12:01:50","modified_gmt":"2025-02-10T09:01:50","slug":"kutahyada-susam-isleme-ve-paketleme-tesisine-5-milyon-tl-hibe-destegi","status":"publish","type":"post","link":"https:\/\/www.egemtv.com\/?p=17553","title":{"rendered":"K\u00fctahya\u2019da susam i\u015fleme ve paketleme tesisine 5 milyon TL hibe deste\u011fi"},"content":{"rendered":"<p>K\u00fctahya Merkez 1. OSB\u2019de susam i\u015fleme ve paketleme alan\u0131nda faaliyet g\u00f6steren i\u015fletmenin K\u0131rsal Kalk\u0131nma Yat\u0131r\u0131mlar\u0131n\u0131n Desteklenmesi Program\u0131 (KKYDP) 15.Etap \u00e7er\u00e7evesinde teknoloji yenileme konusundaki projesinin hak edi\u015f kontrol\u00fcn\u00fcn \u0130l Proje Y\u00fcr\u00fctme Birimince ger\u00e7ekle\u015ftirildi\u011fi, i\u015fletmeye 5 milyon TL hibe \u00f6demesi yap\u0131ld\u0131\u011f\u0131 bildirildi.<br \/>\n<br \/>Firma sahibi M. Sabri \u00d6zevren, proje \u00e7er\u00e7evesinde temin ettikleri susam kavurma, tahin s\u0131kma makineleri ve tahin inceltici de\u011firmen ile teknolojilerini yenilediklerini, b\u00f6ylece K\u00fctahya\u2019n\u0131n y\u00f6resel ve ayn\u0131 zamanda co\u011frafi i\u015faretli olan \u00fcr\u00fcnlerini daha fazla \u00fcretebileceklerini belirterek, sa\u011flanan hibe deste\u011fi i\u00e7in Bakanl\u0131\u011fa ve \u0130l Tar\u0131m ve Orman M\u00fcd\u00fcrl\u00fc\u011f\u00fcne te\u015fekk\u00fcr etti.<br \/>\n<br \/>\u0130\u015fletmeye proje \u00e7er\u00e7evesinde 5 milyon TL hibe \u00f6demesi yap\u0131l\u0131rken, \u0130l Tar\u0131m ve Orman M\u00fcd\u00fcrl\u00fc\u011f\u00fc yetkililerince  KKYDP\u2019de tar\u0131msal sanayi i\u015fletmelerine y\u00f6nelik desteklerin \u00f6n\u00fcm\u00fczdeki d\u00f6nemde de devam edece\u011fi belirtildi.<br \/><\/p>\n","protected":false},"excerpt":{"rendered":"<p>K\u00fctahya Merkez 1. OSB\u2019de susam i\u015fleme ve paketleme alan\u0131nda faaliyet g\u00f6steren i\u015fletmenin K\u0131rsal Kalk\u0131nma Yat\u0131r\u0131mlar\u0131n\u0131n Desteklenmesi Program\u0131 (KKYDP) 15.Etap \u00e7er\u00e7evesinde teknoloji yenileme konusundaki projesinin hak edi\u015f kontrol\u00fcn\u00fcn \u0130l Proje Y\u00fcr\u00fctme Birimince ger\u00e7ekle\u015ftirildi\u011fi, i\u015fletmeye 5 milyon TL hibe \u00f6demesi yap\u0131ld\u0131\u011f\u0131 bildirildi. Firma sahibi M. Sabri \u00d6zevren, proje \u00e7er\u00e7evesinde temin ettikleri susam kavurma, tahin s\u0131kma makineleri ve&#8230;<\/p>\n","protected":false},"author":1,"featured_media":17554,"comment_status":"open","ping_status":"open","sticky":false,"template":"","format":"standard","meta":{"_crdt_document":"","footnotes":""},"categories":[125],"tags":[],"class_list":["post-17553","post","type-post","status-publish","format-standard","has-post-thumbnail","hentry","category-ekonomi"],"_links":{"self":[{"href":"https:\/\/www.egemtv.com\/index.php?rest_route=\/wp\/v2\/posts\/17553","targetHints":{"allow":["GET"]}}],"collection":[{"href":"https:\/\/www.egemtv.com\/index.php?rest_route=\/wp\/v2\/posts"}],"about":[{"href":"https:\/\/www.egemtv.com\/index.php?rest_route=\/wp\/v2\/types\/post"}],"author":[{"embeddable":true,"href":"https:\/\/www.egemtv.com\/index.php?rest_route=\/wp\/v2\/users\/1"}],"replies":[{"embeddable":true,"href":"https:\/\/www.egemtv.com\/index.php?rest_route=%2Fwp%2Fv2%2Fcomments&post=17553"}],"version-history":[{"count":1,"href":"https:\/\/www.egemtv.com\/index.php?rest_route=\/wp\/v2\/posts\/17553\/revisions"}],"predecessor-version":[{"id":17555,"href":"https:\/\/www.egemtv.com\/index.php?rest_route=\/wp\/v2\/posts\/17553\/revisions\/17555"}],"wp:featuredmedia":[{"embeddable":true,"href":"https:\/\/www.egemtv.com\/index.php?rest_route=\/wp\/v2\/media\/17554"}],"wp:attachment":[{"href":"https:\/\/www.egemtv.com\/index.php?rest_route=%2Fwp%2Fv2%2Fmedia&parent=17553"}],"wp:term":[{"taxonomy":"category","embeddable":true,"href":"https:\/\/www.egemtv.com\/index.php?rest_route=%2Fwp%2Fv2%2Fcategories&post=17553"},{"taxonomy":"post_tag","embeddable":true,"href":"https:\/\/www.egemtv.com\/index.php?rest_route=%2Fwp%2Fv2%2Ftags&post=17553"}],"curies":[{"name":"wp","href":"https:\/\/api.w.org\/{rel}","templated":true}]}}