{"id":17550,"date":"2025-02-10T12:01:30","date_gmt":"2025-02-10T09:01:30","guid":{"rendered":"https:\/\/www.egemtv.com\/?p=17550"},"modified":"2025-02-10T12:01:32","modified_gmt":"2025-02-10T09:01:32","slug":"hisarcikta-merhum-ogretmen-anisina-irmik-tatlisi-ikram-edildi","status":"publish","type":"post","link":"https:\/\/www.egemtv.com\/?p=17550","title":{"rendered":"Hisarc\u0131k\u2019ta merhum \u00f6\u011fretmen an\u0131s\u0131na irmik tatl\u0131s\u0131 ikram edildi"},"content":{"rendered":"<p>K\u00fctahya\u2019n\u0131n Hisarc\u0131k il\u00e7esinde bulunan Atat\u00fcrk \u0130lkokulu, iki y\u0131l \u00f6nce vefat eden M\u00fcd\u00fcr Yard\u0131mc\u0131s\u0131 \u0130smail De\u011firmenci\u2019yi \u00f6l\u00fcm y\u0131l d\u00f6n\u00fcm\u00fcnde and\u0131. Okul idaresi ve \u00f6\u011fretmenler, De\u011firmenci\u2019nin an\u0131s\u0131na \u00f6\u011frencilere irmik tatl\u0131s\u0131 ikram etti.<br \/>\n<br \/>E\u011fitim camias\u0131n\u0131n sevilen isimlerinden olan ve 43 y\u0131l \u00f6\u011fretmenlik yapan \u0130smail De\u011firmenci, iki y\u0131l \u00f6nce ge\u00e7irdi\u011fi beyin kanamas\u0131 sonucu 63 ya\u015f\u0131nda hayat\u0131n\u0131 kaybetmi\u015fti.<br \/>\n<br \/>Son olarak g\u00f6rev yapt\u0131\u011f\u0131 Atat\u00fcrk \u0130lkokulu\u2019nda d\u00fczenlenen anma etkinli\u011finde, okul y\u00f6netimi ve \u00f6\u011fretmenlerin katk\u0131lar\u0131yla t\u00fcm \u00f6\u011frencilere irmik tatl\u0131s\u0131 da\u011f\u0131t\u0131ld\u0131 ve merhum \u00f6\u011fretmen i\u00e7in dualar edildi.<br \/><\/p>\n","protected":false},"excerpt":{"rendered":"<p>K\u00fctahya\u2019n\u0131n Hisarc\u0131k il\u00e7esinde bulunan Atat\u00fcrk \u0130lkokulu, iki y\u0131l \u00f6nce vefat eden M\u00fcd\u00fcr Yard\u0131mc\u0131s\u0131 \u0130smail De\u011firmenci\u2019yi \u00f6l\u00fcm y\u0131l d\u00f6n\u00fcm\u00fcnde and\u0131. Okul idaresi ve \u00f6\u011fretmenler, De\u011firmenci\u2019nin an\u0131s\u0131na \u00f6\u011frencilere irmik tatl\u0131s\u0131 ikram etti. E\u011fitim camias\u0131n\u0131n sevilen isimlerinden olan ve 43 y\u0131l \u00f6\u011fretmenlik yapan \u0130smail De\u011firmenci, iki y\u0131l \u00f6nce ge\u00e7irdi\u011fi beyin kanamas\u0131 sonucu 63 ya\u015f\u0131nda hayat\u0131n\u0131 kaybetmi\u015fti. Son olarak&#8230;<\/p>\n","protected":false},"author":1,"featured_media":17551,"comment_status":"open","ping_status":"open","sticky":false,"template":"","format":"standard","meta":{"_crdt_document":"","footnotes":""},"categories":[123],"tags":[],"class_list":["post-17550","post","type-post","status-publish","format-standard","has-post-thumbnail","hentry","category-gundem"],"_links":{"self":[{"href":"https:\/\/www.egemtv.com\/index.php?rest_route=\/wp\/v2\/posts\/17550","targetHints":{"allow":["GET"]}}],"collection":[{"href":"https:\/\/www.egemtv.com\/index.php?rest_route=\/wp\/v2\/posts"}],"about":[{"href":"https:\/\/www.egemtv.com\/index.php?rest_route=\/wp\/v2\/types\/post"}],"author":[{"embeddable":true,"href":"https:\/\/www.egemtv.com\/index.php?rest_route=\/wp\/v2\/users\/1"}],"replies":[{"embeddable":true,"href":"https:\/\/www.egemtv.com\/index.php?rest_route=%2Fwp%2Fv2%2Fcomments&post=17550"}],"version-history":[{"count":1,"href":"https:\/\/www.egemtv.com\/index.php?rest_route=\/wp\/v2\/posts\/17550\/revisions"}],"predecessor-version":[{"id":17552,"href":"https:\/\/www.egemtv.com\/index.php?rest_route=\/wp\/v2\/posts\/17550\/revisions\/17552"}],"wp:featuredmedia":[{"embeddable":true,"href":"https:\/\/www.egemtv.com\/index.php?rest_route=\/wp\/v2\/media\/17551"}],"wp:attachment":[{"href":"https:\/\/www.egemtv.com\/index.php?rest_route=%2Fwp%2Fv2%2Fmedia&parent=17550"}],"wp:term":[{"taxonomy":"category","embeddable":true,"href":"https:\/\/www.egemtv.com\/index.php?rest_route=%2Fwp%2Fv2%2Fcategories&post=17550"},{"taxonomy":"post_tag","embeddable":true,"href":"https:\/\/www.egemtv.com\/index.php?rest_route=%2Fwp%2Fv2%2Ftags&post=17550"}],"curies":[{"name":"wp","href":"https:\/\/api.w.org\/{rel}","templated":true}]}}