{"id":17547,"date":"2025-02-10T12:01:27","date_gmt":"2025-02-10T09:01:27","guid":{"rendered":"https:\/\/www.egemtv.com\/?p=17547"},"modified":"2025-02-10T12:01:29","modified_gmt":"2025-02-10T09:01:29","slug":"gedizin-nufusu-azaldi-merkez-nufusu-artti","status":"publish","type":"post","link":"https:\/\/www.egemtv.com\/?p=17547","title":{"rendered":"Gediz\u2019in n\u00fcfusu azald\u0131, merkez n\u00fcfusu artt\u0131"},"content":{"rendered":"<p>K\u00fctahya\u2019n\u0131n Gediz il\u00e7esinde n\u00fcfus, 2024 y\u0131l\u0131 itibar\u0131yla bir \u00f6nceki y\u0131la g\u00f6re 675 ki\u015fi azalarak 49 bin 246 oldu.<br \/>\n<br \/>T\u00fcrkiye \u0130statistik Kurumu\u2019nun (T\u00dc\u0130K) Adrese Dayal\u0131 N\u00fcfus Kay\u0131t Sistemi verilerine g\u00f6re, il\u00e7enin merkez n\u00fcfusu artarken, k\u00f6y ve beldelerde d\u00fc\u015f\u00fc\u015f ya\u015fand\u0131.<br \/>\n<br \/>Verilere g\u00f6re, Gediz\u2019in merkez n\u00fcfusu 2023 y\u0131l\u0131nda 26 bin 119 iken, 2024 y\u0131l\u0131nda 246 ki\u015fi artarak 26 bin 365\u2019e y\u00fckseldi. Buna kar\u015f\u0131l\u0131k, belde ve k\u00f6ylerde ya\u015fayan n\u00fcfus 2023\u2019te 23 bin 796 iken, 991 ki\u015fi azalarak 22 bin 805\u2019e geriledi.<br \/>\n<br \/>Genel olarak, Gediz\u2019in n\u00fcfusunda y\u00fczde 13,6 oran\u0131nda bir azalma ya\u015fand\u0131. \u00d6te yandan, K\u00fctahya genelinde t\u00fcm il\u00e7elerde n\u00fcfus kayb\u0131 g\u00f6zlemlenirken, Tav\u015fanl\u0131 il\u00e7esi bu durumun d\u0131\u015f\u0131nda kald\u0131 ve n\u00fcfusunu y\u00fczde 4,7 oran\u0131nda art\u0131rd\u0131.<br \/><\/p>\n","protected":false},"excerpt":{"rendered":"<p>K\u00fctahya\u2019n\u0131n Gediz il\u00e7esinde n\u00fcfus, 2024 y\u0131l\u0131 itibar\u0131yla bir \u00f6nceki y\u0131la g\u00f6re 675 ki\u015fi azalarak 49 bin 246 oldu. T\u00fcrkiye \u0130statistik Kurumu\u2019nun (T\u00dc\u0130K) Adrese Dayal\u0131 N\u00fcfus Kay\u0131t Sistemi verilerine g\u00f6re, il\u00e7enin merkez n\u00fcfusu artarken, k\u00f6y ve beldelerde d\u00fc\u015f\u00fc\u015f ya\u015fand\u0131. Verilere g\u00f6re, Gediz\u2019in merkez n\u00fcfusu 2023 y\u0131l\u0131nda 26 bin 119 iken, 2024 y\u0131l\u0131nda 246 ki\u015fi artarak 26&#8230;<\/p>\n","protected":false},"author":1,"featured_media":17548,"comment_status":"open","ping_status":"open","sticky":false,"template":"","format":"standard","meta":{"_crdt_document":"","footnotes":""},"categories":[123],"tags":[],"class_list":["post-17547","post","type-post","status-publish","format-standard","has-post-thumbnail","hentry","category-gundem"],"_links":{"self":[{"href":"https:\/\/www.egemtv.com\/index.php?rest_route=\/wp\/v2\/posts\/17547","targetHints":{"allow":["GET"]}}],"collection":[{"href":"https:\/\/www.egemtv.com\/index.php?rest_route=\/wp\/v2\/posts"}],"about":[{"href":"https:\/\/www.egemtv.com\/index.php?rest_route=\/wp\/v2\/types\/post"}],"author":[{"embeddable":true,"href":"https:\/\/www.egemtv.com\/index.php?rest_route=\/wp\/v2\/users\/1"}],"replies":[{"embeddable":true,"href":"https:\/\/www.egemtv.com\/index.php?rest_route=%2Fwp%2Fv2%2Fcomments&post=17547"}],"version-history":[{"count":1,"href":"https:\/\/www.egemtv.com\/index.php?rest_route=\/wp\/v2\/posts\/17547\/revisions"}],"predecessor-version":[{"id":17549,"href":"https:\/\/www.egemtv.com\/index.php?rest_route=\/wp\/v2\/posts\/17547\/revisions\/17549"}],"wp:featuredmedia":[{"embeddable":true,"href":"https:\/\/www.egemtv.com\/index.php?rest_route=\/wp\/v2\/media\/17548"}],"wp:attachment":[{"href":"https:\/\/www.egemtv.com\/index.php?rest_route=%2Fwp%2Fv2%2Fmedia&parent=17547"}],"wp:term":[{"taxonomy":"category","embeddable":true,"href":"https:\/\/www.egemtv.com\/index.php?rest_route=%2Fwp%2Fv2%2Fcategories&post=17547"},{"taxonomy":"post_tag","embeddable":true,"href":"https:\/\/www.egemtv.com\/index.php?rest_route=%2Fwp%2Fv2%2Ftags&post=17547"}],"curies":[{"name":"wp","href":"https:\/\/api.w.org\/{rel}","templated":true}]}}