{"id":17544,"date":"2025-02-10T12:01:21","date_gmt":"2025-02-10T09:01:21","guid":{"rendered":"https:\/\/www.egemtv.com\/?p=17544"},"modified":"2025-02-10T12:01:26","modified_gmt":"2025-02-10T09:01:26","slug":"masa-tenisi-musabakalari-sona-erdi","status":"publish","type":"post","link":"https:\/\/www.egemtv.com\/?p=17544","title":{"rendered":"Masa tenisi m\u00fcsabakalar\u0131 sona erdi"},"content":{"rendered":"<p>Afyonkarahisar\u2019da \u2018K\u00fc\u00e7\u00fckler \u0130l Birincili\u011fi Masa Tenisi\u2019 m\u00fcsabakalar\u0131, Kocatepe Spor Kompleksi\u2019nde tamamland\u0131.<br \/>\n<br \/>M\u00fcsabakalar\u0131n ard\u0131ndan ba\u015far\u0131l\u0131 olan sporculara madalya ve kupalar\u0131 Spor Hizmetleri M\u00fcd\u00fcr\u00fc Y\u0131lmaz Er\u015fen taraf\u0131ndan takdim edildi. Gen\u00e7lik ve Spor \u0130l M\u00fcd\u00fcr\u00fc \u0130smail Hakk\u0131 Kasapo\u011flu, masa tenisinin \u00f6nemine ve gen\u00e7 sporcular\u0131n geli\u015fimine verdi\u011fi deste\u011fe dikkat \u00e7ekti. Kasapo\u011flu, &#8220;Bug\u00fcn burada, Afyonkarahisar\u2019\u0131n gelece\u011fi olan gen\u00e7 sporcular\u0131m\u0131z\u0131n ba\u015far\u0131s\u0131na tan\u0131kl\u0131k ettik. Bu t\u00fcr organizasyonlar, sporun yayg\u0131nla\u015fmas\u0131 ve \u00e7ocuklar\u0131m\u0131z\u0131n sa\u011fl\u0131kl\u0131 bir \u015fekilde geli\u015fmesi ad\u0131na b\u00fcy\u00fck \u00f6nem ta\u015f\u0131maktad\u0131r. Afyonkarahisar, sporla i\u00e7 i\u00e7e bir \u015fehir olmaya devam ediyor. Masa tenisi gibi h\u0131zl\u0131 d\u00fc\u015f\u00fcnme ve strateji gerektiren sporlarda gen\u00e7lerimizin kendilerini geli\u015ftirmesi, ileride \u00e7ok daha b\u00fcy\u00fck ba\u015far\u0131lara imza atmalar\u0131n\u0131 sa\u011flayacakt\u0131r&#8221; dedi.<br \/><\/p>\n","protected":false},"excerpt":{"rendered":"<p>Afyonkarahisar\u2019da \u2018K\u00fc\u00e7\u00fckler \u0130l Birincili\u011fi Masa Tenisi\u2019 m\u00fcsabakalar\u0131, Kocatepe Spor Kompleksi\u2019nde tamamland\u0131. M\u00fcsabakalar\u0131n ard\u0131ndan ba\u015far\u0131l\u0131 olan sporculara madalya ve kupalar\u0131 Spor Hizmetleri M\u00fcd\u00fcr\u00fc Y\u0131lmaz Er\u015fen taraf\u0131ndan takdim edildi. Gen\u00e7lik ve Spor \u0130l M\u00fcd\u00fcr\u00fc \u0130smail Hakk\u0131 Kasapo\u011flu, masa tenisinin \u00f6nemine ve gen\u00e7 sporcular\u0131n geli\u015fimine verdi\u011fi deste\u011fe dikkat \u00e7ekti. Kasapo\u011flu, &#8220;Bug\u00fcn burada, Afyonkarahisar\u2019\u0131n gelece\u011fi olan gen\u00e7 sporcular\u0131m\u0131z\u0131n ba\u015far\u0131s\u0131na&#8230;<\/p>\n","protected":false},"author":1,"featured_media":17545,"comment_status":"open","ping_status":"open","sticky":false,"template":"","format":"standard","meta":{"_crdt_document":"","footnotes":""},"categories":[4],"tags":[],"class_list":["post-17544","post","type-post","status-publish","format-standard","has-post-thumbnail","hentry","category-spor"],"_links":{"self":[{"href":"https:\/\/www.egemtv.com\/index.php?rest_route=\/wp\/v2\/posts\/17544","targetHints":{"allow":["GET"]}}],"collection":[{"href":"https:\/\/www.egemtv.com\/index.php?rest_route=\/wp\/v2\/posts"}],"about":[{"href":"https:\/\/www.egemtv.com\/index.php?rest_route=\/wp\/v2\/types\/post"}],"author":[{"embeddable":true,"href":"https:\/\/www.egemtv.com\/index.php?rest_route=\/wp\/v2\/users\/1"}],"replies":[{"embeddable":true,"href":"https:\/\/www.egemtv.com\/index.php?rest_route=%2Fwp%2Fv2%2Fcomments&post=17544"}],"version-history":[{"count":1,"href":"https:\/\/www.egemtv.com\/index.php?rest_route=\/wp\/v2\/posts\/17544\/revisions"}],"predecessor-version":[{"id":17546,"href":"https:\/\/www.egemtv.com\/index.php?rest_route=\/wp\/v2\/posts\/17544\/revisions\/17546"}],"wp:featuredmedia":[{"embeddable":true,"href":"https:\/\/www.egemtv.com\/index.php?rest_route=\/wp\/v2\/media\/17545"}],"wp:attachment":[{"href":"https:\/\/www.egemtv.com\/index.php?rest_route=%2Fwp%2Fv2%2Fmedia&parent=17544"}],"wp:term":[{"taxonomy":"category","embeddable":true,"href":"https:\/\/www.egemtv.com\/index.php?rest_route=%2Fwp%2Fv2%2Fcategories&post=17544"},{"taxonomy":"post_tag","embeddable":true,"href":"https:\/\/www.egemtv.com\/index.php?rest_route=%2Fwp%2Fv2%2Ftags&post=17544"}],"curies":[{"name":"wp","href":"https:\/\/api.w.org\/{rel}","templated":true}]}}