{"id":17541,"date":"2025-02-10T12:01:10","date_gmt":"2025-02-10T09:01:10","guid":{"rendered":"https:\/\/www.egemtv.com\/?p=17541"},"modified":"2025-02-10T12:01:20","modified_gmt":"2025-02-10T09:01:20","slug":"afyonkarahisarda-hayvan-hirsizi-yakalandi","status":"publish","type":"post","link":"https:\/\/www.egemtv.com\/?p=17541","title":{"rendered":"Afyonkarahisar\u2019da hayvan h\u0131rs\u0131z\u0131 yakaland\u0131"},"content":{"rendered":"<p>Afyonkarahisar\u2019da hayvan h\u0131rs\u0131zl\u0131\u011f\u0131 su\u00e7undan 9 y\u0131l 6 ay hapis cezas\u0131 bulunan \u015fah\u0131s yakalanarak cezaevine g\u00f6nderildi.<br \/>\n<br \/>Afyonkarahisar \u0130l Jandarma Komutanl\u0131\u011f\u0131 aranan \u015fah\u0131slar\u0131n tespiti ve yakalanmas\u0131na y\u00f6nelik \u00e7al\u0131\u015fmalar\u0131na devam ediyor. Bu \u00e7er\u00e7evede yap\u0131lan titiz \u00e7al\u0131\u015fmalar neticesinde; hakk\u0131nda b\u00fcy\u00fck veya k\u00fc\u00e7\u00fckba\u015f hayvan hakk\u0131nda h\u0131rs\u0131zl\u0131k su\u00e7undan 9 y\u0131l 6 ay 20 g\u00fcn hapis cezas\u0131 bulunan E.K. isimli \u015fah\u0131s Merkez il\u00e7e Kanl\u0131ca TOKi mevkiinde Jandarma Su\u00e7 Ara\u015ft\u0131rma Timlerince JASAT taraf\u0131ndan yakaland\u0131. Yakalanan \u015fah\u0131s, \u00e7\u0131kar\u0131ld\u0131\u011f\u0131 mahkemece tutuklanarak Afyonkarahisar T Tipi Kapal\u0131 Ceza \u0130nfaz Kurumuna teslim edildi.<br \/><\/p>\n","protected":false},"excerpt":{"rendered":"<p>Afyonkarahisar\u2019da hayvan h\u0131rs\u0131zl\u0131\u011f\u0131 su\u00e7undan 9 y\u0131l 6 ay hapis cezas\u0131 bulunan \u015fah\u0131s yakalanarak cezaevine g\u00f6nderildi. Afyonkarahisar \u0130l Jandarma Komutanl\u0131\u011f\u0131 aranan \u015fah\u0131slar\u0131n tespiti ve yakalanmas\u0131na y\u00f6nelik \u00e7al\u0131\u015fmalar\u0131na devam ediyor. Bu \u00e7er\u00e7evede yap\u0131lan titiz \u00e7al\u0131\u015fmalar neticesinde; hakk\u0131nda b\u00fcy\u00fck veya k\u00fc\u00e7\u00fckba\u015f hayvan hakk\u0131nda h\u0131rs\u0131zl\u0131k su\u00e7undan 9 y\u0131l 6 ay 20 g\u00fcn hapis cezas\u0131 bulunan E.K. isimli \u015fah\u0131s Merkez&#8230;<\/p>\n","protected":false},"author":1,"featured_media":17542,"comment_status":"open","ping_status":"open","sticky":false,"template":"","format":"standard","meta":{"_crdt_document":"","footnotes":""},"categories":[5],"tags":[],"class_list":["post-17541","post","type-post","status-publish","format-standard","has-post-thumbnail","hentry","category-asayis"],"_links":{"self":[{"href":"https:\/\/www.egemtv.com\/index.php?rest_route=\/wp\/v2\/posts\/17541","targetHints":{"allow":["GET"]}}],"collection":[{"href":"https:\/\/www.egemtv.com\/index.php?rest_route=\/wp\/v2\/posts"}],"about":[{"href":"https:\/\/www.egemtv.com\/index.php?rest_route=\/wp\/v2\/types\/post"}],"author":[{"embeddable":true,"href":"https:\/\/www.egemtv.com\/index.php?rest_route=\/wp\/v2\/users\/1"}],"replies":[{"embeddable":true,"href":"https:\/\/www.egemtv.com\/index.php?rest_route=%2Fwp%2Fv2%2Fcomments&post=17541"}],"version-history":[{"count":1,"href":"https:\/\/www.egemtv.com\/index.php?rest_route=\/wp\/v2\/posts\/17541\/revisions"}],"predecessor-version":[{"id":17543,"href":"https:\/\/www.egemtv.com\/index.php?rest_route=\/wp\/v2\/posts\/17541\/revisions\/17543"}],"wp:featuredmedia":[{"embeddable":true,"href":"https:\/\/www.egemtv.com\/index.php?rest_route=\/wp\/v2\/media\/17542"}],"wp:attachment":[{"href":"https:\/\/www.egemtv.com\/index.php?rest_route=%2Fwp%2Fv2%2Fmedia&parent=17541"}],"wp:term":[{"taxonomy":"category","embeddable":true,"href":"https:\/\/www.egemtv.com\/index.php?rest_route=%2Fwp%2Fv2%2Fcategories&post=17541"},{"taxonomy":"post_tag","embeddable":true,"href":"https:\/\/www.egemtv.com\/index.php?rest_route=%2Fwp%2Fv2%2Ftags&post=17541"}],"curies":[{"name":"wp","href":"https:\/\/api.w.org\/{rel}","templated":true}]}}