{"id":17535,"date":"2025-02-10T12:00:58","date_gmt":"2025-02-10T09:00:58","guid":{"rendered":"https:\/\/www.egemtv.com\/?p=17535"},"modified":"2025-02-10T12:01:04","modified_gmt":"2025-02-10T09:01:04","slug":"aydinli-sporcular-balkan-sampiyonasindan-basariyla-dondu","status":"publish","type":"post","link":"https:\/\/www.egemtv.com\/?p=17535","title":{"rendered":"Ayd\u0131nl\u0131 sporcular Balkan \u015eampiyonas\u0131\u2019ndan ba\u015far\u0131yla d\u00f6nd\u00fc"},"content":{"rendered":"<p>Bulgaristan\u2019da ger\u00e7ekle\u015ftirilen U20 Balkan Atletizm Salon \u015eampiyonas\u0131\u2019na kat\u0131lan Ayd\u0131nl\u0131 sporcular, \u015fampiyonadan 1 alt\u0131n ve 1 g\u00fcm\u00fc\u015f madalya ile d\u00f6nd\u00fc.<\/p>\n<p>U20 Balkan Atletizm Salon \u015eampiyonas\u0131, Bulgaristan\u2019\u0131n Sofya kentinin ev sahipli\u011finde ger\u00e7ekle\u015ftirildi. \u015eampiyonada piste \u00e7\u0131kan milli atletler, organizasyonu b\u00fcy\u00fck bir ba\u015far\u0131yla tamamlarken, Ayd\u0131nl\u0131 sporcular ise tarihi bir ba\u015far\u0131ya imza atarak \u00fclkeye bir alt\u0131n ve bir g\u00fcm\u00fc\u015f madalya kazand\u0131rd\u0131. 19 ya\u015f\u0131ndaki Talha G\u00fclnihal, 60 metre engelli yar\u0131\u015f\u0131nda 7,86\u2019l\u0131k derecesiyle Balkan \u015eampiyonu oldu ve 7,78 olan T\u00fcrkiye rekoruna olduk\u00e7a yakla\u015ft\u0131. G\u00f6stermi\u015f oldu\u011fu \u00fcst\u00fcn performansla rakiplerine fark atan G\u00fclnihal, \u015fampiyonan\u0131n en dikkat \u00e7eken isimlerinden biri olmay\u0131 ba\u015fard\u0131.<\/p>\n<p>Bir di\u011fer ba\u015far\u0131l\u0131 Ayd\u0131nl\u0131 SEM Sporcular\u0131ndan Koray Uygun ise ayn\u0131 yar\u0131\u015fta g\u00fcm\u00fc\u015f madalya kazand\u0131. 17 ya\u015f\u0131nda olan ve U18 kategorisinde yar\u0131\u015fmas\u0131 gerekirken U20\u2019de m\u00fccadele eden Uygun, zorlu m\u00fccadelede \u00fcst\u00fcn bir performans sergileyerek k\u00fcrs\u00fcde yer ald\u0131. Bu ba\u015far\u0131lar\u0131yla her iki sporcu da 2028 Olimpiyatlar\u0131 kadrosunun \u00f6nemli adaylar\u0131 aras\u0131nda g\u00f6sterilmeye ba\u015fland\u0131.<\/p>\n<p>Yine Ayd\u0131n SEM sporcular\u0131ndan 16 ya\u015f\u0131ndaki \u00d6yk\u00fc Ceylin Tekdal, U18 kategorisinde yar\u0131\u015fmas\u0131 gerekirken kendisinden \u00fc\u00e7 ya\u015f b\u00fcy\u00fck sporcularla m\u00fccadele etti. U20\u2019nin 60 metre engelli yar\u0131\u015f\u0131nda kendi en iyi derecesini yaparak 8,72\u2019lik zaman\u0131yla Balkan 6.\u2019s\u0131 olmay\u0131 ba\u015fard\u0131.<\/p>\n<p>Balkan \u015eampiyonas\u0131\u2019nda g\u00f6sterdikleri performansla dikkat \u00e7eken Ayd\u0131nl\u0131 sporcular, 2028 Olimpiyatlar\u0131 i\u00e7in de \u00f6nemli adaylar aras\u0131nda g\u00f6sterilirken, konu ile ilgili a\u00e7\u0131klama yapan Ayd\u0131n Gen\u00e7lik ve Spor \u0130l M\u00fcd\u00fcrl\u00fc\u011f\u00fc, a\u00e7\u0131klamas\u0131nda &#8220;Balkan \u015eampiyonas\u0131\u2019nda milli formay\u0131 ta\u015f\u0131yarak \u00fclkemize madalya kazand\u0131ran t\u00fcm sporcular\u0131m\u0131z\u0131 y\u00fcrekten kutluyoruz. Ayd\u0131nl\u0131 sporcular\u0131m\u0131z\u0131n bu tarihi ba\u015far\u0131s\u0131 hepimizi gururland\u0131rd\u0131. Onlar\u0131n disiplinli \u00e7al\u0131\u015fmalar\u0131, azimleri ve emekleri bug\u00fcn bu b\u00fcy\u00fck ba\u015far\u0131n\u0131n mimar\u0131 oldu. Sporcular\u0131m\u0131z\u0131 ve antren\u00f6rlerimizi bu \u00fcst\u00fcn performanslar\u0131ndan dolay\u0131 tebrik ediyor, ba\u015far\u0131lar\u0131n\u0131n devam\u0131n\u0131 diliyoruz. Bize bu b\u00fcy\u00fck gururu ya\u015fatt\u0131klar\u0131 i\u00e7in hepsine ayr\u0131 ayr\u0131 te\u015fekk\u00fcr ediyoruz&#8221; ifadelerine yer verdi.<br \/><\/p>\n","protected":false},"excerpt":{"rendered":"<p>Bulgaristan\u2019da ger\u00e7ekle\u015ftirilen U20 Balkan Atletizm Salon \u015eampiyonas\u0131\u2019na kat\u0131lan Ayd\u0131nl\u0131 sporcular, \u015fampiyonadan 1 alt\u0131n ve 1 g\u00fcm\u00fc\u015f madalya ile d\u00f6nd\u00fc. U20 Balkan Atletizm Salon \u015eampiyonas\u0131, Bulgaristan\u2019\u0131n Sofya kentinin ev sahipli\u011finde ger\u00e7ekle\u015ftirildi. \u015eampiyonada piste \u00e7\u0131kan milli atletler, organizasyonu b\u00fcy\u00fck bir ba\u015far\u0131yla tamamlarken, Ayd\u0131nl\u0131 sporcular ise tarihi bir ba\u015far\u0131ya imza atarak \u00fclkeye bir alt\u0131n ve bir g\u00fcm\u00fc\u015f madalya&#8230;<\/p>\n","protected":false},"author":1,"featured_media":17536,"comment_status":"open","ping_status":"open","sticky":false,"template":"","format":"standard","meta":{"_crdt_document":"","footnotes":""},"categories":[4],"tags":[],"class_list":["post-17535","post","type-post","status-publish","format-standard","has-post-thumbnail","hentry","category-spor"],"_links":{"self":[{"href":"https:\/\/www.egemtv.com\/index.php?rest_route=\/wp\/v2\/posts\/17535","targetHints":{"allow":["GET"]}}],"collection":[{"href":"https:\/\/www.egemtv.com\/index.php?rest_route=\/wp\/v2\/posts"}],"about":[{"href":"https:\/\/www.egemtv.com\/index.php?rest_route=\/wp\/v2\/types\/post"}],"author":[{"embeddable":true,"href":"https:\/\/www.egemtv.com\/index.php?rest_route=\/wp\/v2\/users\/1"}],"replies":[{"embeddable":true,"href":"https:\/\/www.egemtv.com\/index.php?rest_route=%2Fwp%2Fv2%2Fcomments&post=17535"}],"version-history":[{"count":1,"href":"https:\/\/www.egemtv.com\/index.php?rest_route=\/wp\/v2\/posts\/17535\/revisions"}],"predecessor-version":[{"id":17537,"href":"https:\/\/www.egemtv.com\/index.php?rest_route=\/wp\/v2\/posts\/17535\/revisions\/17537"}],"wp:featuredmedia":[{"embeddable":true,"href":"https:\/\/www.egemtv.com\/index.php?rest_route=\/wp\/v2\/media\/17536"}],"wp:attachment":[{"href":"https:\/\/www.egemtv.com\/index.php?rest_route=%2Fwp%2Fv2%2Fmedia&parent=17535"}],"wp:term":[{"taxonomy":"category","embeddable":true,"href":"https:\/\/www.egemtv.com\/index.php?rest_route=%2Fwp%2Fv2%2Fcategories&post=17535"},{"taxonomy":"post_tag","embeddable":true,"href":"https:\/\/www.egemtv.com\/index.php?rest_route=%2Fwp%2Fv2%2Ftags&post=17535"}],"curies":[{"name":"wp","href":"https:\/\/api.w.org\/{rel}","templated":true}]}}