{"id":17532,"date":"2025-02-10T12:00:53","date_gmt":"2025-02-10T09:00:53","guid":{"rendered":"https:\/\/www.egemtv.com\/?p=17532"},"modified":"2025-02-10T12:00:58","modified_gmt":"2025-02-10T09:00:58","slug":"sarigolde-zeytin-budama-calismalarina-baskandi","status":"publish","type":"post","link":"https:\/\/www.egemtv.com\/?p=17532","title":{"rendered":"Sar\u0131g\u00f6l\u2019de zeytin budama \u00e7al\u0131\u015fmalar\u0131na ba\u015fkand\u0131"},"content":{"rendered":"<p>Manisa\u2019n\u0131n Sar\u0131g\u00f6l il\u00e7esi ve mahallelerinde zeytin a\u011fa\u00e7lar\u0131n\u0131n budamas\u0131na yo\u011fun bir \u015fekilde ba\u015fland\u0131.<br \/>\n<br \/>Sar\u0131g\u00f6l il\u00e7esi ve zeytin \u00fcretimin yayg\u0131n oldu\u011fu Af\u015far, \u00c7avu\u015flar, Karacaali, Emcelli, Selimiye gibi \u00f6nemli mahallelerdeki zeytin a\u011fa\u00e7lar\u0131n\u0131n budamas\u0131n\u0131n \u00f6nemli oldu\u011funu ifade eden zeytin \u00fcreticisi Mustafa Akci\u011fer, &#8220;Zeytin a\u011fa\u00e7lar\u0131 budama zaman\u0131nda, iyi ve bilin\u00e7li budama yap\u0131larak kaliteli zeytin elde edilir. Y\u0131llarca zeytin a\u011fa\u00e7lar\u0131m\u0131z\u0131 kendimiz budar\u0131z. Bu y\u0131l k\u0131\u015f mevsimi ya\u011f\u0131\u015fl\u0131 ge\u00e7mekte ve bu durum a\u011fa\u00e7lar i\u00e7in olduk\u00e7a faydal\u0131 oldu.&#8221; dedi.<br \/><\/p>\n","protected":false},"excerpt":{"rendered":"<p>Manisa\u2019n\u0131n Sar\u0131g\u00f6l il\u00e7esi ve mahallelerinde zeytin a\u011fa\u00e7lar\u0131n\u0131n budamas\u0131na yo\u011fun bir \u015fekilde ba\u015fland\u0131. Sar\u0131g\u00f6l il\u00e7esi ve zeytin \u00fcretimin yayg\u0131n oldu\u011fu Af\u015far, \u00c7avu\u015flar, Karacaali, Emcelli, Selimiye gibi \u00f6nemli mahallelerdeki zeytin a\u011fa\u00e7lar\u0131n\u0131n budamas\u0131n\u0131n \u00f6nemli oldu\u011funu ifade eden zeytin \u00fcreticisi Mustafa Akci\u011fer, &#8220;Zeytin a\u011fa\u00e7lar\u0131 budama zaman\u0131nda, iyi ve bilin\u00e7li budama yap\u0131larak kaliteli zeytin elde edilir. Y\u0131llarca zeytin a\u011fa\u00e7lar\u0131m\u0131z\u0131 kendimiz&#8230;<\/p>\n","protected":false},"author":1,"featured_media":17533,"comment_status":"open","ping_status":"open","sticky":false,"template":"","format":"standard","meta":{"_crdt_document":"","footnotes":""},"categories":[125],"tags":[],"class_list":["post-17532","post","type-post","status-publish","format-standard","has-post-thumbnail","hentry","category-ekonomi"],"_links":{"self":[{"href":"https:\/\/www.egemtv.com\/index.php?rest_route=\/wp\/v2\/posts\/17532","targetHints":{"allow":["GET"]}}],"collection":[{"href":"https:\/\/www.egemtv.com\/index.php?rest_route=\/wp\/v2\/posts"}],"about":[{"href":"https:\/\/www.egemtv.com\/index.php?rest_route=\/wp\/v2\/types\/post"}],"author":[{"embeddable":true,"href":"https:\/\/www.egemtv.com\/index.php?rest_route=\/wp\/v2\/users\/1"}],"replies":[{"embeddable":true,"href":"https:\/\/www.egemtv.com\/index.php?rest_route=%2Fwp%2Fv2%2Fcomments&post=17532"}],"version-history":[{"count":1,"href":"https:\/\/www.egemtv.com\/index.php?rest_route=\/wp\/v2\/posts\/17532\/revisions"}],"predecessor-version":[{"id":17534,"href":"https:\/\/www.egemtv.com\/index.php?rest_route=\/wp\/v2\/posts\/17532\/revisions\/17534"}],"wp:featuredmedia":[{"embeddable":true,"href":"https:\/\/www.egemtv.com\/index.php?rest_route=\/wp\/v2\/media\/17533"}],"wp:attachment":[{"href":"https:\/\/www.egemtv.com\/index.php?rest_route=%2Fwp%2Fv2%2Fmedia&parent=17532"}],"wp:term":[{"taxonomy":"category","embeddable":true,"href":"https:\/\/www.egemtv.com\/index.php?rest_route=%2Fwp%2Fv2%2Fcategories&post=17532"},{"taxonomy":"post_tag","embeddable":true,"href":"https:\/\/www.egemtv.com\/index.php?rest_route=%2Fwp%2Fv2%2Ftags&post=17532"}],"curies":[{"name":"wp","href":"https:\/\/api.w.org\/{rel}","templated":true}]}}