{"id":17529,"date":"2025-02-10T11:52:29","date_gmt":"2025-02-10T08:52:29","guid":{"rendered":"https:\/\/www.egemtv.com\/?p=17529"},"modified":"2025-02-10T11:52:35","modified_gmt":"2025-02-10T08:52:35","slug":"emitt-2025te-manisa-standi-yogun-ilgi-gordu","status":"publish","type":"post","link":"https:\/\/www.egemtv.com\/?p=17529","title":{"rendered":"Em\u0131tt 2025\u2019te Manisa stand\u0131 yo\u011fun ilgi g\u00f6rd\u00fc"},"content":{"rendered":"<p>Manisa B\u00fcy\u00fck\u015fehir Belediyesi, Uluslararas\u0131 Do\u011fu Akdeniz Turizm ve Seyahat Fuar\u0131 (EMITT 2025) kapsam\u0131nda a\u00e7t\u0131\u011f\u0131 stantla b\u00fcy\u00fck ilgi toplad\u0131. Manisa\u2019n\u0131n sahip oldu\u011fu tarihi, k\u00fclt\u00fcrel ve do\u011fal g\u00fczellikler, gastronomik zenginlikler fuar kat\u0131l\u0131mc\u0131lar\u0131n\u0131n yo\u011fun be\u011fenisini kazand\u0131.<br \/>\n<br \/>Manisa B\u00fcy\u00fck\u015fehir Belediyesi, EMITT fuar\u0131nda a\u00e7t\u0131\u011f\u0131 stantla kentin turizm potansiyelini ulusal ve uluslararas\u0131 temsilcilerle payla\u015f\u0131rken Belediye Ba\u015fkan\u0131 Ferdi Zeyrek de a\u00e7\u0131l\u0131\u015fa kat\u0131larak \u00e7e\u015fitli temaslarda bulundu. Manisa stand\u0131nda, kentin turizm potansiyeli, yerli ve yabanc\u0131 turizm profesyonellerine tan\u0131t\u0131ld\u0131. Manisa\u2019n\u0131n turizm potansiyelini ke\u015ffetmek isteyen yerli ve yabanc\u0131 binlerce ziyaret\u00e7i, stand\u0131 ziyaret ederek Manisa hakk\u0131nda detayl\u0131 bilgi ald\u0131.<br \/>\n<br \/>B\u00fcy\u00fck\u015fehir Belediyesi taraf\u0131ndan Manisa\u2019n\u0131n daha etkin tan\u0131t\u0131m\u0131 i\u00e7in kurulan, D\u0131\u015f \u0130li\u015fkiler Dairesi Ba\u015fkanl\u0131\u011f\u0131 ve turizm \u015firketi Spilyum A.\u015e. de EMITT 2025\u2019te aktif rol ald\u0131. Manisa\u2019n\u0131n tarihi, do\u011fal ve k\u00fclt\u00fcrel miras\u0131 geni\u015f kitlelere tan\u0131t\u0131l\u0131rken kentin turizm potansiyelinin art\u0131r\u0131lmas\u0131 amac\u0131yla yerli ve yabanc\u0131 profesyonel ziyaret\u00e7ilerle \u00f6nemli i\u015f birlikleri de kuruldu. Fuar kapsam\u0131nda, Manisa\u2019n\u0131n do\u011fal g\u00fczellikleri ve geleneksel \u00fcretim de\u011ferleri de tan\u0131t\u0131ld\u0131. Spila\u015f taraf\u0131ndan i\u015fletilen Niobe Kahve\u2019nin \u00fcr\u00fcnleri ziyaret\u00e7ilere ikram edilirken kentin \u00f6nemli de\u011ferlerinden biri olan Manisa Bezi, UNESCO tescilli Kula-Salihli Jeopark\u0131\u2019n\u0131n do\u011fal miras\u0131 ve turizm a\u00e7\u0131s\u0131ndan sundu\u011fu f\u0131rsatlar hakk\u0131nda da bilgilendirmeler yap\u0131ld\u0131.<\/p>\n<p>Manisa\u2019n\u0131n tarihi ve k\u00fclt\u00fcrel zenginlikleri tan\u0131t\u0131ld\u0131<br \/>\n<br \/>Ayr\u0131ca, kat\u0131l\u0131mc\u0131lara y\u00f6nelik d\u00fczenlenen bilgi yar\u0131\u015fmalar\u0131yla Manisa\u2019n\u0131n tarihi ve k\u00fclt\u00fcrel zenginlikleri e\u011flenceli bir \u015fekilde aktar\u0131ld\u0131. Manisa\u2019n\u0131n gastronomik de\u011ferleri de fuarda b\u00fcy\u00fck ilgi g\u00f6rd\u00fc. Ba\u015fkan Zeyrek, a\u015f\u00e7\u0131 \u00f6nl\u00fc\u011f\u00fc giyerek Manisa\u2019ya \u00f6zg\u00fc lezzetleri tan\u0131tt\u0131 ve kat\u0131l\u0131mc\u0131lara ikram etti. Manisa Gastronomi Derne\u011fi, Manisa Turizm \u0130\u015fletmecileri Derne\u011fi, Manisa Seyahat Acentalar\u0131 Derne\u011fi ve Magnesia A\u015f\u00e7\u0131lar Derne\u011fi\u2019nin katk\u0131lar\u0131yla, ziyaret\u00e7iler mesir baharatl\u0131 yaprak dolma, mesir macunlu kek, mesir baharatl\u0131 kurabiye, tescilli taban simidi gibi Manisa mutfa\u011f\u0131n\u0131n e\u015fsiz tatlar\u0131n\u0131 deneyimleme f\u0131rsat\u0131 buldu. Misafirler Manisa\u2019n\u0131n 485 y\u0131ll\u0131k k\u00f6kl\u00fc gelene\u011fi olan Uluslararas\u0131 Mesir Macunu Festivali\u2019ne de davet edildi.<br \/>\n<br \/>Manisa B\u00fcy\u00fck\u015fehir Belediyesi\u2019nin EMITT 2025\u2019teki kat\u0131l\u0131m\u0131, kentin turizm alan\u0131ndaki yeni vizyonunu g\u00f6zler \u00f6n\u00fcne sererken Manisa\u2019n\u0131n tarih, k\u00fclt\u00fcr ve gastronomi zenginlikleriyle dikkat \u00e7ekmesini sa\u011flad\u0131.<br \/><\/p>\n","protected":false},"excerpt":{"rendered":"<p>Manisa B\u00fcy\u00fck\u015fehir Belediyesi, Uluslararas\u0131 Do\u011fu Akdeniz Turizm ve Seyahat Fuar\u0131 (EMITT 2025) kapsam\u0131nda a\u00e7t\u0131\u011f\u0131 stantla b\u00fcy\u00fck ilgi toplad\u0131. Manisa\u2019n\u0131n sahip oldu\u011fu tarihi, k\u00fclt\u00fcrel ve do\u011fal g\u00fczellikler, gastronomik zenginlikler fuar kat\u0131l\u0131mc\u0131lar\u0131n\u0131n yo\u011fun be\u011fenisini kazand\u0131. Manisa B\u00fcy\u00fck\u015fehir Belediyesi, EMITT fuar\u0131nda a\u00e7t\u0131\u011f\u0131 stantla kentin turizm potansiyelini ulusal ve uluslararas\u0131 temsilcilerle payla\u015f\u0131rken Belediye Ba\u015fkan\u0131 Ferdi Zeyrek de a\u00e7\u0131l\u0131\u015fa kat\u0131larak&#8230;<\/p>\n","protected":false},"author":1,"featured_media":17530,"comment_status":"open","ping_status":"open","sticky":false,"template":"","format":"standard","meta":{"_crdt_document":"","footnotes":""},"categories":[1],"tags":[],"class_list":["post-17529","post","type-post","status-publish","format-standard","has-post-thumbnail","hentry","category-guncel"],"_links":{"self":[{"href":"https:\/\/www.egemtv.com\/index.php?rest_route=\/wp\/v2\/posts\/17529","targetHints":{"allow":["GET"]}}],"collection":[{"href":"https:\/\/www.egemtv.com\/index.php?rest_route=\/wp\/v2\/posts"}],"about":[{"href":"https:\/\/www.egemtv.com\/index.php?rest_route=\/wp\/v2\/types\/post"}],"author":[{"embeddable":true,"href":"https:\/\/www.egemtv.com\/index.php?rest_route=\/wp\/v2\/users\/1"}],"replies":[{"embeddable":true,"href":"https:\/\/www.egemtv.com\/index.php?rest_route=%2Fwp%2Fv2%2Fcomments&post=17529"}],"version-history":[{"count":1,"href":"https:\/\/www.egemtv.com\/index.php?rest_route=\/wp\/v2\/posts\/17529\/revisions"}],"predecessor-version":[{"id":17531,"href":"https:\/\/www.egemtv.com\/index.php?rest_route=\/wp\/v2\/posts\/17529\/revisions\/17531"}],"wp:featuredmedia":[{"embeddable":true,"href":"https:\/\/www.egemtv.com\/index.php?rest_route=\/wp\/v2\/media\/17530"}],"wp:attachment":[{"href":"https:\/\/www.egemtv.com\/index.php?rest_route=%2Fwp%2Fv2%2Fmedia&parent=17529"}],"wp:term":[{"taxonomy":"category","embeddable":true,"href":"https:\/\/www.egemtv.com\/index.php?rest_route=%2Fwp%2Fv2%2Fcategories&post=17529"},{"taxonomy":"post_tag","embeddable":true,"href":"https:\/\/www.egemtv.com\/index.php?rest_route=%2Fwp%2Fv2%2Ftags&post=17529"}],"curies":[{"name":"wp","href":"https:\/\/api.w.org\/{rel}","templated":true}]}}