{"id":17526,"date":"2025-02-10T11:46:19","date_gmt":"2025-02-10T08:46:19","guid":{"rendered":"https:\/\/www.egemtv.com\/?p=17526"},"modified":"2025-02-10T11:46:26","modified_gmt":"2025-02-10T08:46:26","slug":"denizli-buyuksehir-belediyesporlu-arda-turkiye-sampiyonu-oldu","status":"publish","type":"post","link":"https:\/\/www.egemtv.com\/?p=17526","title":{"rendered":"Denizli B\u00fcy\u00fck\u015fehir Belediyesporlu Arda, T\u00fcrkiye \u015fampiyonu oldu"},"content":{"rendered":"<p>Denizli B\u00fcy\u00fck\u015fehir Belediyesporlu Arda Bak\u0131rhan, U-16 T\u00fcrkiye Salon \u015eampiyonas\u0131 Erkekler \u00dc\u00e7 Ad\u0131m Atlama kategorisinde T\u00fcrkiye \u015fampiyonlu\u011funu kazand\u0131.<\/p>\n<p>Denizli B\u00fcy\u00fck\u015fehir Belediyespor, T\u00fcrkiye Atletizm Federasyonu taraf\u0131ndan 7-9 \u015eubat 2025 tarihleri aras\u0131nda Bursa\u2019da d\u00fczenlenen U-16 T\u00fcrkiye Salon \u015eampiyonas\u0131\u2019nda \u00f6nemli ba\u015far\u0131lara imza att\u0131. \u015eampiyonada m\u00fccadele eden Denizli B\u00fcy\u00fck\u015fehir Belediyespor\u2019un ba\u015far\u0131l\u0131 sporcusu Arda Bak\u0131rhan, Erkekler \u00dc\u00e7 Ad\u0131m Atlama kategorisinde 13.09 metre derecesiyle T\u00fcrkiye \u015eampiyonu olarak b\u00fcy\u00fck bir ba\u015far\u0131 elde etti. Bak\u0131rhan, \u00fcst\u00fcn performans\u0131yla rakiplerini geride b\u0131rakarak k\u00fcrs\u00fcn\u00fcn en \u00fcst basama\u011f\u0131na \u00e7\u0131kmay\u0131 ba\u015fard\u0131. Denizli B\u00fcy\u00fck\u015fehir Belediyespor Atletizm Tak\u0131m\u0131\u2019n\u0131n bir di\u011fer ba\u015far\u0131l\u0131 sporcusu Efe Taylan Co\u015fkun ise Erkekler G\u00fclle Atma kategorisinde 11.30 metre derecesiyle T\u00fcrkiye 6\u2019nc\u0131s\u0131 olmay\u0131 ba\u015fard\u0131. Co\u015fkun\u2019un sergiledi\u011fi performans, gelecek organizasyonlar i\u00e7in b\u00fcy\u00fck umut verdi.<\/p>\n<p>Sporcular\u0131n bu \u00f6nemli ba\u015far\u0131s\u0131nda eme\u011fi ge\u00e7en antren\u00f6r Gizem Demir, sporcular\u0131n disiplinli \u00e7al\u0131\u015fmalar\u0131 ve azimleri sayesinde bu sonu\u00e7lara ula\u015ft\u0131klar\u0131n\u0131 belirterek desteklerinden dolay\u0131 Denizli B\u00fcy\u00fck\u015fehir Belediyesi\u2019ne ve kul\u00fcp y\u00f6netimine te\u015fekk\u00fcr etti.<br \/><\/p>\n","protected":false},"excerpt":{"rendered":"<p>Denizli B\u00fcy\u00fck\u015fehir Belediyesporlu Arda Bak\u0131rhan, U-16 T\u00fcrkiye Salon \u015eampiyonas\u0131 Erkekler \u00dc\u00e7 Ad\u0131m Atlama kategorisinde T\u00fcrkiye \u015fampiyonlu\u011funu kazand\u0131. Denizli B\u00fcy\u00fck\u015fehir Belediyespor, T\u00fcrkiye Atletizm Federasyonu taraf\u0131ndan 7-9 \u015eubat 2025 tarihleri aras\u0131nda Bursa\u2019da d\u00fczenlenen U-16 T\u00fcrkiye Salon \u015eampiyonas\u0131\u2019nda \u00f6nemli ba\u015far\u0131lara imza att\u0131. \u015eampiyonada m\u00fccadele eden Denizli B\u00fcy\u00fck\u015fehir Belediyespor\u2019un ba\u015far\u0131l\u0131 sporcusu Arda Bak\u0131rhan, Erkekler \u00dc\u00e7 Ad\u0131m Atlama kategorisinde 13.09&#8230;<\/p>\n","protected":false},"author":1,"featured_media":17527,"comment_status":"open","ping_status":"open","sticky":false,"template":"","format":"standard","meta":{"_crdt_document":"","footnotes":""},"categories":[4],"tags":[],"class_list":["post-17526","post","type-post","status-publish","format-standard","has-post-thumbnail","hentry","category-spor"],"_links":{"self":[{"href":"https:\/\/www.egemtv.com\/index.php?rest_route=\/wp\/v2\/posts\/17526","targetHints":{"allow":["GET"]}}],"collection":[{"href":"https:\/\/www.egemtv.com\/index.php?rest_route=\/wp\/v2\/posts"}],"about":[{"href":"https:\/\/www.egemtv.com\/index.php?rest_route=\/wp\/v2\/types\/post"}],"author":[{"embeddable":true,"href":"https:\/\/www.egemtv.com\/index.php?rest_route=\/wp\/v2\/users\/1"}],"replies":[{"embeddable":true,"href":"https:\/\/www.egemtv.com\/index.php?rest_route=%2Fwp%2Fv2%2Fcomments&post=17526"}],"version-history":[{"count":1,"href":"https:\/\/www.egemtv.com\/index.php?rest_route=\/wp\/v2\/posts\/17526\/revisions"}],"predecessor-version":[{"id":17528,"href":"https:\/\/www.egemtv.com\/index.php?rest_route=\/wp\/v2\/posts\/17526\/revisions\/17528"}],"wp:featuredmedia":[{"embeddable":true,"href":"https:\/\/www.egemtv.com\/index.php?rest_route=\/wp\/v2\/media\/17527"}],"wp:attachment":[{"href":"https:\/\/www.egemtv.com\/index.php?rest_route=%2Fwp%2Fv2%2Fmedia&parent=17526"}],"wp:term":[{"taxonomy":"category","embeddable":true,"href":"https:\/\/www.egemtv.com\/index.php?rest_route=%2Fwp%2Fv2%2Fcategories&post=17526"},{"taxonomy":"post_tag","embeddable":true,"href":"https:\/\/www.egemtv.com\/index.php?rest_route=%2Fwp%2Fv2%2Ftags&post=17526"}],"curies":[{"name":"wp","href":"https:\/\/api.w.org\/{rel}","templated":true}]}}