{"id":17520,"date":"2025-02-10T11:46:08","date_gmt":"2025-02-10T08:46:08","guid":{"rendered":"https:\/\/www.egemtv.com\/?p=17520"},"modified":"2025-02-10T11:46:13","modified_gmt":"2025-02-10T08:46:13","slug":"egirdirde-yangin-cikan-ev-kullanilamaz-hale-geldi","status":"publish","type":"post","link":"https:\/\/www.egemtv.com\/?p=17520","title":{"rendered":"E\u011firdir\u2019de yang\u0131n \u00e7\u0131kan ev kullan\u0131lamaz hale geldi"},"content":{"rendered":"<p>E\u011firdir\u2019de m\u00fcstakil bir evde \u00e7\u0131kan yang\u0131n, itfaiye ekipleri taraf\u0131ndan s\u00f6nd\u00fcr\u00fcld\u00fc. Yang\u0131nda herhangi bir yaralanma veya can kayb\u0131 ya\u015fanmazken, ev tamamen yanarak kullan\u0131lamaz hale geldi.<br \/>\n<br \/>Yang\u0131n, gece saatlerinde E\u011firdir il\u00e7esi Yazla Mahallesi\u2019nde meydana geldi. Edinilen bilgilere g\u00f6re, Bilal C.\u2019ye ait m\u00fcstakil evde hen\u00fcz bilinmeyen bir nedenle yang\u0131n \u00e7\u0131kt\u0131. Dumanlar\u0131n h\u0131zla y\u00fckseldi\u011fini g\u00f6ren Bilal C., durumu itfaiye ekiplerine bildirdi. K\u0131sa s\u00fcrede olay yerine gelen ekiplerin m\u00fcdahalesiyle yang\u0131n kontrol alt\u0131na al\u0131narak s\u00f6nd\u00fcr\u00fcld\u00fc. Yang\u0131nda herhangi bir can kayb\u0131 ya\u015fanmazken, ev tamamen yanarak kullan\u0131lamaz hale geldi. Yang\u0131n\u0131n \u00e7\u0131k\u0131\u015f nedenine ili\u015fkin inceleme ba\u015flat\u0131ld\u0131.<br \/><\/p>\n","protected":false},"excerpt":{"rendered":"<p>E\u011firdir\u2019de m\u00fcstakil bir evde \u00e7\u0131kan yang\u0131n, itfaiye ekipleri taraf\u0131ndan s\u00f6nd\u00fcr\u00fcld\u00fc. Yang\u0131nda herhangi bir yaralanma veya can kayb\u0131 ya\u015fanmazken, ev tamamen yanarak kullan\u0131lamaz hale geldi. Yang\u0131n, gece saatlerinde E\u011firdir il\u00e7esi Yazla Mahallesi\u2019nde meydana geldi. Edinilen bilgilere g\u00f6re, Bilal C.\u2019ye ait m\u00fcstakil evde hen\u00fcz bilinmeyen bir nedenle yang\u0131n \u00e7\u0131kt\u0131. Dumanlar\u0131n h\u0131zla y\u00fckseldi\u011fini g\u00f6ren Bilal C., durumu itfaiye&#8230;<\/p>\n","protected":false},"author":1,"featured_media":17521,"comment_status":"open","ping_status":"open","sticky":false,"template":"","format":"standard","meta":{"_crdt_document":"","footnotes":""},"categories":[5],"tags":[],"class_list":["post-17520","post","type-post","status-publish","format-standard","has-post-thumbnail","hentry","category-asayis"],"_links":{"self":[{"href":"https:\/\/www.egemtv.com\/index.php?rest_route=\/wp\/v2\/posts\/17520","targetHints":{"allow":["GET"]}}],"collection":[{"href":"https:\/\/www.egemtv.com\/index.php?rest_route=\/wp\/v2\/posts"}],"about":[{"href":"https:\/\/www.egemtv.com\/index.php?rest_route=\/wp\/v2\/types\/post"}],"author":[{"embeddable":true,"href":"https:\/\/www.egemtv.com\/index.php?rest_route=\/wp\/v2\/users\/1"}],"replies":[{"embeddable":true,"href":"https:\/\/www.egemtv.com\/index.php?rest_route=%2Fwp%2Fv2%2Fcomments&post=17520"}],"version-history":[{"count":1,"href":"https:\/\/www.egemtv.com\/index.php?rest_route=\/wp\/v2\/posts\/17520\/revisions"}],"predecessor-version":[{"id":17522,"href":"https:\/\/www.egemtv.com\/index.php?rest_route=\/wp\/v2\/posts\/17520\/revisions\/17522"}],"wp:featuredmedia":[{"embeddable":true,"href":"https:\/\/www.egemtv.com\/index.php?rest_route=\/wp\/v2\/media\/17521"}],"wp:attachment":[{"href":"https:\/\/www.egemtv.com\/index.php?rest_route=%2Fwp%2Fv2%2Fmedia&parent=17520"}],"wp:term":[{"taxonomy":"category","embeddable":true,"href":"https:\/\/www.egemtv.com\/index.php?rest_route=%2Fwp%2Fv2%2Fcategories&post=17520"},{"taxonomy":"post_tag","embeddable":true,"href":"https:\/\/www.egemtv.com\/index.php?rest_route=%2Fwp%2Fv2%2Ftags&post=17520"}],"curies":[{"name":"wp","href":"https:\/\/api.w.org\/{rel}","templated":true}]}}