{"id":17517,"date":"2025-02-10T11:45:59","date_gmt":"2025-02-10T08:45:59","guid":{"rendered":"https:\/\/www.egemtv.com\/?p=17517"},"modified":"2025-02-10T11:46:08","modified_gmt":"2025-02-10T08:46:08","slug":"karsiyaka-basketbolun-kupadaki-rakibi-galatasaray","status":"publish","type":"post","link":"https:\/\/www.egemtv.com\/?p=17517","title":{"rendered":"Kar\u015f\u0131yaka Basketbol\u2019un kupadaki rakibi Galatasaray"},"content":{"rendered":"<p>Kar\u015f\u0131yaka Basketbol, T\u00fcrkiye Kupas\u0131 \u00e7eyrek finalinde yar\u0131n Galatasaray\u2019\u0131 konuk edecek.<br \/>\n<br \/>T\u00fcrkiye Kupas\u0131 \u00e7eyrek finalinde Kar\u015f\u0131yaka Basketbol, yar\u0131n saat 18.00\u2019de Mustafa Kemal Atat\u00fcrk Kar\u015f\u0131yaka Spor Salonu\u2019nda kar\u015f\u0131 kar\u015f\u0131ya gelecek. Bu m\u00fcsabakay\u0131 kazanan ekip, 14-16 \u015eubat 2025 tarihinde \u015eanl\u0131urfa\u2019da oynanacak D\u00f6rtl\u00fc Final m\u00fcsabakalar\u0131na ad\u0131na yazd\u0131rma hakk\u0131 kazanacak.<br \/>\n<br \/>Basketbol S\u00fcper Ligi\u2019nde \u00fcst \u00fcste 7 yenilgi ya\u015fayan ve h\u0131zl\u0131ca d\u00fc\u015fme hatt\u0131na do\u011fru ilerleyen Kar\u015f\u0131yaka, ya\u015fad\u0131\u011f\u0131 ekonomik sebeplerden dolay\u0131 Jefferson, Errick McCollum, James Webb, Jerry Boutsiele, Daron Russell, Kenan Sipahi ve Sean McDermott gibi \u00f6nemli oyuncular\u0131 ile yollar\u0131n\u0131 ay\u0131r\u0131rken, ya\u015fanan problemlerden dolay\u0131 Ba\u015fantren\u00f6r Ufuk Sar\u0131ca da ye\u015fil-k\u0131rm\u0131z\u0131l\u0131 tak\u0131ma veda etmi\u015fti. \u0130zmir ekibi, bu s\u00fcre\u00e7te transfer yasa\u011f\u0131n\u0131 kald\u0131r\u0131p sadece \u015fut\u00f6r guard Roberto Gallinat\u2019\u0131 kadrosuna katmay\u0131 ba\u015far\u0131rken; k\u0131sa bir zaman i\u00e7erisinde eski oyuncular\u0131na olan bor\u00e7lar\u0131ndan dolay\u0131 FIBA taraf\u0131ndan tekrar transfer yasa\u011f\u0131 cezas\u0131 ald\u0131.<br \/>\n<br \/>Kar\u015f\u0131yaka Basketbol &#8211; Galatasaray ma\u00e7\u0131 bilet fiyatlar\u0131 \u015fu \u015fekilde:<\/p>\n<p>\u00d6\u011frenci: 200 TL<br \/>\n<br \/>Tam: 400 TL<br \/>\n<br \/>VIP: 2 bin TL<br \/><\/p>\n","protected":false},"excerpt":{"rendered":"<p>Kar\u015f\u0131yaka Basketbol, T\u00fcrkiye Kupas\u0131 \u00e7eyrek finalinde yar\u0131n Galatasaray\u2019\u0131 konuk edecek. T\u00fcrkiye Kupas\u0131 \u00e7eyrek finalinde Kar\u015f\u0131yaka Basketbol, yar\u0131n saat 18.00\u2019de Mustafa Kemal Atat\u00fcrk Kar\u015f\u0131yaka Spor Salonu\u2019nda kar\u015f\u0131 kar\u015f\u0131ya gelecek. Bu m\u00fcsabakay\u0131 kazanan ekip, 14-16 \u015eubat 2025 tarihinde \u015eanl\u0131urfa\u2019da oynanacak D\u00f6rtl\u00fc Final m\u00fcsabakalar\u0131na ad\u0131na yazd\u0131rma hakk\u0131 kazanacak. Basketbol S\u00fcper Ligi\u2019nde \u00fcst \u00fcste 7 yenilgi ya\u015fayan ve h\u0131zl\u0131ca&#8230;<\/p>\n","protected":false},"author":1,"featured_media":17518,"comment_status":"open","ping_status":"open","sticky":false,"template":"","format":"standard","meta":{"_crdt_document":"","footnotes":""},"categories":[4],"tags":[],"class_list":["post-17517","post","type-post","status-publish","format-standard","has-post-thumbnail","hentry","category-spor"],"_links":{"self":[{"href":"https:\/\/www.egemtv.com\/index.php?rest_route=\/wp\/v2\/posts\/17517","targetHints":{"allow":["GET"]}}],"collection":[{"href":"https:\/\/www.egemtv.com\/index.php?rest_route=\/wp\/v2\/posts"}],"about":[{"href":"https:\/\/www.egemtv.com\/index.php?rest_route=\/wp\/v2\/types\/post"}],"author":[{"embeddable":true,"href":"https:\/\/www.egemtv.com\/index.php?rest_route=\/wp\/v2\/users\/1"}],"replies":[{"embeddable":true,"href":"https:\/\/www.egemtv.com\/index.php?rest_route=%2Fwp%2Fv2%2Fcomments&post=17517"}],"version-history":[{"count":1,"href":"https:\/\/www.egemtv.com\/index.php?rest_route=\/wp\/v2\/posts\/17517\/revisions"}],"predecessor-version":[{"id":17519,"href":"https:\/\/www.egemtv.com\/index.php?rest_route=\/wp\/v2\/posts\/17517\/revisions\/17519"}],"wp:featuredmedia":[{"embeddable":true,"href":"https:\/\/www.egemtv.com\/index.php?rest_route=\/wp\/v2\/media\/17518"}],"wp:attachment":[{"href":"https:\/\/www.egemtv.com\/index.php?rest_route=%2Fwp%2Fv2%2Fmedia&parent=17517"}],"wp:term":[{"taxonomy":"category","embeddable":true,"href":"https:\/\/www.egemtv.com\/index.php?rest_route=%2Fwp%2Fv2%2Fcategories&post=17517"},{"taxonomy":"post_tag","embeddable":true,"href":"https:\/\/www.egemtv.com\/index.php?rest_route=%2Fwp%2Fv2%2Ftags&post=17517"}],"curies":[{"name":"wp","href":"https:\/\/api.w.org\/{rel}","templated":true}]}}