{"id":17508,"date":"2025-02-10T11:41:02","date_gmt":"2025-02-10T08:41:02","guid":{"rendered":"https:\/\/www.egemtv.com\/?p=17508"},"modified":"2025-02-10T11:41:12","modified_gmt":"2025-02-10T08:41:12","slug":"nazilli-belediyesi-isiklar-mahallesinde-coken-yola-mudahale-etti","status":"publish","type":"post","link":"https:\/\/www.egemtv.com\/?p=17508","title":{"rendered":"Nazilli Belediyesi I\u015f\u0131klar Mahallesi\u2019nde \u00e7\u00f6ken yola m\u00fcdahale etti"},"content":{"rendered":"<p>Nazilli Belediyesi Fen \u0130\u015fleri M\u00fcd\u00fcrl\u00fc\u011f\u00fc ekipleri, I\u015f\u0131klar Mahallesi\u2019nde kullan\u0131m \u00f6mr\u00fcn\u00fc tamamlayarak \u00e7\u00f6kme meydana gelen yola m\u00fcdahale etti.<br \/>\n<br \/>\u00c7al\u0131\u015fmalar kapsam\u0131nda, \u00e7\u00f6ken yolun bulundu\u011fu kanal\u0131n \u00fczerine kal\u0131p yap\u0131larak ard\u0131ndan has\u0131r demir d\u00f6\u015fenip betonlama i\u015flemleri tamamland\u0131.<br \/>\n<br \/>H\u0131zl\u0131 m\u00fcdahalelerinden dolay\u0131 belediye ekiplerine te\u015fekk\u00fcr eden I\u015f\u0131klar Mahalle Muhtar\u0131 Mustafa Karabulut; &#8220;Birka\u00e7 g\u00fcn \u00f6nce mahallemizden ge\u00e7en bu yolda ciddi bir g\u00f6\u00e7\u00fck meydana gelmi\u015fti. Konuyu Nazilli Belediye Ba\u015fkan\u0131m\u0131z Dr. Ertu\u011frul Tetik\u2019e ilettim. Ba\u015fkan\u0131m\u0131z Fen \u0130\u015fleri M\u00fcd\u00fcr\u00fcm\u00fcze y\u00f6nlendirdi. Ekipler mahallemize gelerek \u00e7al\u0131\u015fmalara ba\u015flad\u0131. Ba\u015fkan\u0131m\u0131za ve m\u00fcd\u00fcr\u00fcm\u00fcze \u015fahs\u0131m ve mahallem ad\u0131na \u00e7ok te\u015fekk\u00fcr ediyorum&#8221; dedi.<br \/>\n<br \/>\u0130l\u00e7e genelinde kullan\u0131m \u00f6mr\u00fcn\u00fc tamamlayan b\u00f6lgelerin tespit edilerek yenileme faaliyetlerinin s\u00fcrd\u00fcr\u00fclece\u011fini ifade eden Belediye Ba\u015fkan\u0131 Dr. Ertu\u011frul Tetik; &#8220;\u015eehrimizin en b\u00fcy\u00fck sorunlar\u0131ndan biri olan yollar\u0131m\u0131z\u0131n ivedilikle yenilenmesi i\u00e7in hem \u015fehir merkezinde hem de di\u011fer noktalarda h\u0131zl\u0131 bir planlama yap\u0131yoruz. S\u00f6z verdi\u011fimiz gibi Nazilli\u2019nin her noktas\u0131n\u0131 yeni ve kullan\u0131\u015fl\u0131 yollara kavu\u015fturaca\u011f\u0131z&#8221; s\u00f6zlerini kaydetti.<br \/><\/p>\n","protected":false},"excerpt":{"rendered":"<p>Nazilli Belediyesi Fen \u0130\u015fleri M\u00fcd\u00fcrl\u00fc\u011f\u00fc ekipleri, I\u015f\u0131klar Mahallesi\u2019nde kullan\u0131m \u00f6mr\u00fcn\u00fc tamamlayarak \u00e7\u00f6kme meydana gelen yola m\u00fcdahale etti. \u00c7al\u0131\u015fmalar kapsam\u0131nda, \u00e7\u00f6ken yolun bulundu\u011fu kanal\u0131n \u00fczerine kal\u0131p yap\u0131larak ard\u0131ndan has\u0131r demir d\u00f6\u015fenip betonlama i\u015flemleri tamamland\u0131. H\u0131zl\u0131 m\u00fcdahalelerinden dolay\u0131 belediye ekiplerine te\u015fekk\u00fcr eden I\u015f\u0131klar Mahalle Muhtar\u0131 Mustafa Karabulut; &#8220;Birka\u00e7 g\u00fcn \u00f6nce mahallemizden ge\u00e7en bu yolda ciddi bir g\u00f6\u00e7\u00fck&#8230;<\/p>\n","protected":false},"author":1,"featured_media":17509,"comment_status":"open","ping_status":"open","sticky":false,"template":"","format":"standard","meta":{"_crdt_document":"","footnotes":""},"categories":[1],"tags":[],"class_list":["post-17508","post","type-post","status-publish","format-standard","has-post-thumbnail","hentry","category-guncel"],"_links":{"self":[{"href":"https:\/\/www.egemtv.com\/index.php?rest_route=\/wp\/v2\/posts\/17508","targetHints":{"allow":["GET"]}}],"collection":[{"href":"https:\/\/www.egemtv.com\/index.php?rest_route=\/wp\/v2\/posts"}],"about":[{"href":"https:\/\/www.egemtv.com\/index.php?rest_route=\/wp\/v2\/types\/post"}],"author":[{"embeddable":true,"href":"https:\/\/www.egemtv.com\/index.php?rest_route=\/wp\/v2\/users\/1"}],"replies":[{"embeddable":true,"href":"https:\/\/www.egemtv.com\/index.php?rest_route=%2Fwp%2Fv2%2Fcomments&post=17508"}],"version-history":[{"count":1,"href":"https:\/\/www.egemtv.com\/index.php?rest_route=\/wp\/v2\/posts\/17508\/revisions"}],"predecessor-version":[{"id":17510,"href":"https:\/\/www.egemtv.com\/index.php?rest_route=\/wp\/v2\/posts\/17508\/revisions\/17510"}],"wp:featuredmedia":[{"embeddable":true,"href":"https:\/\/www.egemtv.com\/index.php?rest_route=\/wp\/v2\/media\/17509"}],"wp:attachment":[{"href":"https:\/\/www.egemtv.com\/index.php?rest_route=%2Fwp%2Fv2%2Fmedia&parent=17508"}],"wp:term":[{"taxonomy":"category","embeddable":true,"href":"https:\/\/www.egemtv.com\/index.php?rest_route=%2Fwp%2Fv2%2Fcategories&post=17508"},{"taxonomy":"post_tag","embeddable":true,"href":"https:\/\/www.egemtv.com\/index.php?rest_route=%2Fwp%2Fv2%2Ftags&post=17508"}],"curies":[{"name":"wp","href":"https:\/\/api.w.org\/{rel}","templated":true}]}}