{"id":17505,"date":"2025-02-10T11:38:15","date_gmt":"2025-02-10T08:38:15","guid":{"rendered":"https:\/\/www.egemtv.com\/?p=17505"},"modified":"2025-02-10T11:38:18","modified_gmt":"2025-02-10T08:38:18","slug":"didimde-10-yil-hapis-cezasi-ile-aranan-sahis-yakalandi","status":"publish","type":"post","link":"https:\/\/www.egemtv.com\/?p=17505","title":{"rendered":"Didim\u2019de 10 y\u0131l hapis cezas\u0131 ile aranan \u015fah\u0131s yakaland\u0131"},"content":{"rendered":"<p>Ayd\u0131n\u2019\u0131n Didim il\u00e7esinde 10 y\u0131l 4 ay 15 g\u00fcn hapis cezas\u0131 bulunan \u015fah\u0131s jandarma ekipleri taraf\u0131ndan yakaland\u0131.<br \/>\n<br \/>Didim \u0130l\u00e7e Jandarma Komutanl\u0131\u011f\u0131nca aranan bir \u015fahsa y\u00f6nelik \u00e7al\u0131\u015fma ba\u015flat\u0131ld\u0131. &#8220;Uyu\u015fturucu veya Uyar\u0131c\u0131 Madde Ticareti Yapma veya Sa\u011flama&#8221; su\u00e7undan aranan ve hakk\u0131nda 10 y\u0131l 4 ay 15 g\u00fcn kesinle\u015fmi\u015f hapis cezas\u0131 bulunan A.Y. isimli \u015fah\u0131s Didim il\u00e7esinde operasyon ile yakaland\u0131. \u015eah\u0131s, adli i\u015flemlerinin ard\u0131ndan Ceza \u0130nfaz Kurumuna teslim edildi.<br \/><\/p>\n","protected":false},"excerpt":{"rendered":"<p>Ayd\u0131n\u2019\u0131n Didim il\u00e7esinde 10 y\u0131l 4 ay 15 g\u00fcn hapis cezas\u0131 bulunan \u015fah\u0131s jandarma ekipleri taraf\u0131ndan yakaland\u0131. Didim \u0130l\u00e7e Jandarma Komutanl\u0131\u011f\u0131nca aranan bir \u015fahsa y\u00f6nelik \u00e7al\u0131\u015fma ba\u015flat\u0131ld\u0131. &#8220;Uyu\u015fturucu veya Uyar\u0131c\u0131 Madde Ticareti Yapma veya Sa\u011flama&#8221; su\u00e7undan aranan ve hakk\u0131nda 10 y\u0131l 4 ay 15 g\u00fcn kesinle\u015fmi\u015f hapis cezas\u0131 bulunan A.Y. isimli \u015fah\u0131s Didim il\u00e7esinde operasyon&#8230;<\/p>\n","protected":false},"author":1,"featured_media":17506,"comment_status":"open","ping_status":"open","sticky":false,"template":"","format":"standard","meta":{"_crdt_document":"","footnotes":""},"categories":[5],"tags":[],"class_list":["post-17505","post","type-post","status-publish","format-standard","has-post-thumbnail","hentry","category-asayis"],"_links":{"self":[{"href":"https:\/\/www.egemtv.com\/index.php?rest_route=\/wp\/v2\/posts\/17505","targetHints":{"allow":["GET"]}}],"collection":[{"href":"https:\/\/www.egemtv.com\/index.php?rest_route=\/wp\/v2\/posts"}],"about":[{"href":"https:\/\/www.egemtv.com\/index.php?rest_route=\/wp\/v2\/types\/post"}],"author":[{"embeddable":true,"href":"https:\/\/www.egemtv.com\/index.php?rest_route=\/wp\/v2\/users\/1"}],"replies":[{"embeddable":true,"href":"https:\/\/www.egemtv.com\/index.php?rest_route=%2Fwp%2Fv2%2Fcomments&post=17505"}],"version-history":[{"count":1,"href":"https:\/\/www.egemtv.com\/index.php?rest_route=\/wp\/v2\/posts\/17505\/revisions"}],"predecessor-version":[{"id":17507,"href":"https:\/\/www.egemtv.com\/index.php?rest_route=\/wp\/v2\/posts\/17505\/revisions\/17507"}],"wp:featuredmedia":[{"embeddable":true,"href":"https:\/\/www.egemtv.com\/index.php?rest_route=\/wp\/v2\/media\/17506"}],"wp:attachment":[{"href":"https:\/\/www.egemtv.com\/index.php?rest_route=%2Fwp%2Fv2%2Fmedia&parent=17505"}],"wp:term":[{"taxonomy":"category","embeddable":true,"href":"https:\/\/www.egemtv.com\/index.php?rest_route=%2Fwp%2Fv2%2Fcategories&post=17505"},{"taxonomy":"post_tag","embeddable":true,"href":"https:\/\/www.egemtv.com\/index.php?rest_route=%2Fwp%2Fv2%2Ftags&post=17505"}],"curies":[{"name":"wp","href":"https:\/\/api.w.org\/{rel}","templated":true}]}}