{"id":17502,"date":"2025-02-10T11:33:09","date_gmt":"2025-02-10T08:33:09","guid":{"rendered":"https:\/\/www.egemtv.com\/?p=17502"},"modified":"2025-02-10T11:33:12","modified_gmt":"2025-02-10T08:33:12","slug":"balkondan-havaya-ates-eden-sahis-yakalandi","status":"publish","type":"post","link":"https:\/\/www.egemtv.com\/?p=17502","title":{"rendered":"Balkondan havaya ate\u015f eden \u015fah\u0131s yakaland\u0131"},"content":{"rendered":"<p>Ayd\u0131n\u2019\u0131n Efeler il\u00e7esinde alkol\u00fcn etkisiyle balkona \u00e7\u0131karak havaya ate\u015f eden \u015fah\u0131s jandarma ekipleri taraf\u0131ndan yakaland\u0131.<br \/>\n<br \/>Emirdo\u011fan Mahallesi\u2019nde ikamet eden H.K isimli \u015f\u00fcpheli \u015fahs\u0131n alkol\u00fcn etkisi ile balkondan silah ile ate\u015f etti\u011fi tespit edildi. Efeler \u0130l\u00e7e Jandarma Komutanl\u0131\u011f\u0131nca \u015f\u00fcphelinin balkonunda ve bah\u00e7esinde yap\u0131lan kontrolde bo\u015f kartu\u015flar ele ge\u00e7irilerek yakaland\u0131. \u015e\u00fcpheli i\u015flemlerinin ard\u0131ndan \u00e7\u0131kar\u0131ld\u0131\u011f\u0131 adli makamlarca tutuklanmas\u0131na m\u00fcteakip Ceza \u0130nfaz Kurumuna teslim edildi.<br \/><\/p>\n","protected":false},"excerpt":{"rendered":"<p>Ayd\u0131n\u2019\u0131n Efeler il\u00e7esinde alkol\u00fcn etkisiyle balkona \u00e7\u0131karak havaya ate\u015f eden \u015fah\u0131s jandarma ekipleri taraf\u0131ndan yakaland\u0131. Emirdo\u011fan Mahallesi\u2019nde ikamet eden H.K isimli \u015f\u00fcpheli \u015fahs\u0131n alkol\u00fcn etkisi ile balkondan silah ile ate\u015f etti\u011fi tespit edildi. Efeler \u0130l\u00e7e Jandarma Komutanl\u0131\u011f\u0131nca \u015f\u00fcphelinin balkonunda ve bah\u00e7esinde yap\u0131lan kontrolde bo\u015f kartu\u015flar ele ge\u00e7irilerek yakaland\u0131. \u015e\u00fcpheli i\u015flemlerinin ard\u0131ndan \u00e7\u0131kar\u0131ld\u0131\u011f\u0131 adli makamlarca tutuklanmas\u0131na&#8230;<\/p>\n","protected":false},"author":1,"featured_media":17503,"comment_status":"open","ping_status":"open","sticky":false,"template":"","format":"standard","meta":{"_crdt_document":"","footnotes":""},"categories":[5],"tags":[],"class_list":["post-17502","post","type-post","status-publish","format-standard","has-post-thumbnail","hentry","category-asayis"],"_links":{"self":[{"href":"https:\/\/www.egemtv.com\/index.php?rest_route=\/wp\/v2\/posts\/17502","targetHints":{"allow":["GET"]}}],"collection":[{"href":"https:\/\/www.egemtv.com\/index.php?rest_route=\/wp\/v2\/posts"}],"about":[{"href":"https:\/\/www.egemtv.com\/index.php?rest_route=\/wp\/v2\/types\/post"}],"author":[{"embeddable":true,"href":"https:\/\/www.egemtv.com\/index.php?rest_route=\/wp\/v2\/users\/1"}],"replies":[{"embeddable":true,"href":"https:\/\/www.egemtv.com\/index.php?rest_route=%2Fwp%2Fv2%2Fcomments&post=17502"}],"version-history":[{"count":1,"href":"https:\/\/www.egemtv.com\/index.php?rest_route=\/wp\/v2\/posts\/17502\/revisions"}],"predecessor-version":[{"id":17504,"href":"https:\/\/www.egemtv.com\/index.php?rest_route=\/wp\/v2\/posts\/17502\/revisions\/17504"}],"wp:featuredmedia":[{"embeddable":true,"href":"https:\/\/www.egemtv.com\/index.php?rest_route=\/wp\/v2\/media\/17503"}],"wp:attachment":[{"href":"https:\/\/www.egemtv.com\/index.php?rest_route=%2Fwp%2Fv2%2Fmedia&parent=17502"}],"wp:term":[{"taxonomy":"category","embeddable":true,"href":"https:\/\/www.egemtv.com\/index.php?rest_route=%2Fwp%2Fv2%2Fcategories&post=17502"},{"taxonomy":"post_tag","embeddable":true,"href":"https:\/\/www.egemtv.com\/index.php?rest_route=%2Fwp%2Fv2%2Ftags&post=17502"}],"curies":[{"name":"wp","href":"https:\/\/api.w.org\/{rel}","templated":true}]}}