{"id":17493,"date":"2025-02-10T11:23:01","date_gmt":"2025-02-10T08:23:01","guid":{"rendered":"https:\/\/www.egemtv.com\/?p=17493"},"modified":"2025-02-10T11:23:07","modified_gmt":"2025-02-10T08:23:07","slug":"suhutta-donan-selale-havadan-goruntulendi","status":"publish","type":"post","link":"https:\/\/www.egemtv.com\/?p=17493","title":{"rendered":"\u015euhut\u2019ta donan \u015felale havadan g\u00f6r\u00fcnt\u00fclendi"},"content":{"rendered":"<p>Afyonkarahisar\u2019\u0131n \u015euhut il\u00e7esinde donan U\u00e7ak \u015eelalesi\u2019nin buzlar i\u00e7erisindeki g\u00f6r\u00fcnt\u00fcs\u00fc seyrine doyumsuz manzaralar olu\u015fturdu.<br \/>\n<br \/>Yurt genelinde oldu\u011fu gibi Afyonkarahisar\u2019da da olumsuz hava \u015fartlar\u0131 devam ediyor. S\u0131cakl\u0131klar\u0131n s\u0131f\u0131r derecelerin alt\u0131nda seyretti\u011fi kentte bir \u00e7ok g\u00f6l, g\u00f6let ve \u015felale dondu. \u015euhut il\u00e7esi Senir k\u00f6y\u00fc s\u0131n\u0131rlar\u0131 i\u00e7erisinde yer alan U\u00e7ak \u015eelalesi de so\u011fuk havadan dolay\u0131 dondu. Donan \u015felale g\u00f6r\u00fcnt\u00fcs\u00fc ile seyrine doyumsuz manzara ortaya \u00e7\u0131kard\u0131. Donan \u015felale Afyon Kocatepe \u00dcniversitesi (AK\u00dc) Bas\u0131n Yay\u0131n ve Hakla \u0130li\u015fkiler M\u00fcd\u00fcrl\u00fc\u011f\u00fc Ara\u015ft\u0131rma G\u00f6revlisi Hakan Y\u0131lmaz\u2019\u0131n \u00e7ekti\u011fi g\u00f6r\u00fcnt\u00fclere M\u00fczisyen Ayd\u0131n Ba\u015f\u2019\u0131n hang drum isimli enstr\u00fcman ile \u00e7ald\u0131\u011f\u0131 m\u00fczik de eklenince ortaya g\u00fczel g\u00f6r\u00fcnt\u00fcler \u00e7\u0131kt\u0131.<br \/><\/p>\n","protected":false},"excerpt":{"rendered":"<p>Afyonkarahisar\u2019\u0131n \u015euhut il\u00e7esinde donan U\u00e7ak \u015eelalesi\u2019nin buzlar i\u00e7erisindeki g\u00f6r\u00fcnt\u00fcs\u00fc seyrine doyumsuz manzaralar olu\u015fturdu. Yurt genelinde oldu\u011fu gibi Afyonkarahisar\u2019da da olumsuz hava \u015fartlar\u0131 devam ediyor. S\u0131cakl\u0131klar\u0131n s\u0131f\u0131r derecelerin alt\u0131nda seyretti\u011fi kentte bir \u00e7ok g\u00f6l, g\u00f6let ve \u015felale dondu. \u015euhut il\u00e7esi Senir k\u00f6y\u00fc s\u0131n\u0131rlar\u0131 i\u00e7erisinde yer alan U\u00e7ak \u015eelalesi de so\u011fuk havadan dolay\u0131 dondu. Donan \u015felale g\u00f6r\u00fcnt\u00fcs\u00fc&#8230;<\/p>\n","protected":false},"author":1,"featured_media":17494,"comment_status":"open","ping_status":"open","sticky":false,"template":"","format":"standard","meta":{"_crdt_document":"","footnotes":""},"categories":[1],"tags":[],"class_list":["post-17493","post","type-post","status-publish","format-standard","has-post-thumbnail","hentry","category-guncel"],"_links":{"self":[{"href":"https:\/\/www.egemtv.com\/index.php?rest_route=\/wp\/v2\/posts\/17493","targetHints":{"allow":["GET"]}}],"collection":[{"href":"https:\/\/www.egemtv.com\/index.php?rest_route=\/wp\/v2\/posts"}],"about":[{"href":"https:\/\/www.egemtv.com\/index.php?rest_route=\/wp\/v2\/types\/post"}],"author":[{"embeddable":true,"href":"https:\/\/www.egemtv.com\/index.php?rest_route=\/wp\/v2\/users\/1"}],"replies":[{"embeddable":true,"href":"https:\/\/www.egemtv.com\/index.php?rest_route=%2Fwp%2Fv2%2Fcomments&post=17493"}],"version-history":[{"count":1,"href":"https:\/\/www.egemtv.com\/index.php?rest_route=\/wp\/v2\/posts\/17493\/revisions"}],"predecessor-version":[{"id":17495,"href":"https:\/\/www.egemtv.com\/index.php?rest_route=\/wp\/v2\/posts\/17493\/revisions\/17495"}],"wp:featuredmedia":[{"embeddable":true,"href":"https:\/\/www.egemtv.com\/index.php?rest_route=\/wp\/v2\/media\/17494"}],"wp:attachment":[{"href":"https:\/\/www.egemtv.com\/index.php?rest_route=%2Fwp%2Fv2%2Fmedia&parent=17493"}],"wp:term":[{"taxonomy":"category","embeddable":true,"href":"https:\/\/www.egemtv.com\/index.php?rest_route=%2Fwp%2Fv2%2Fcategories&post=17493"},{"taxonomy":"post_tag","embeddable":true,"href":"https:\/\/www.egemtv.com\/index.php?rest_route=%2Fwp%2Fv2%2Ftags&post=17493"}],"curies":[{"name":"wp","href":"https:\/\/api.w.org\/{rel}","templated":true}]}}