{"id":17490,"date":"2025-02-10T11:22:55","date_gmt":"2025-02-10T08:22:55","guid":{"rendered":"https:\/\/www.egemtv.com\/?p=17490"},"modified":"2025-02-10T11:23:01","modified_gmt":"2025-02-10T08:23:01","slug":"manisa-cbu-ogrencilerine-iskurdan-is-deneyimi-firsati","status":"publish","type":"post","link":"https:\/\/www.egemtv.com\/?p=17490","title":{"rendered":"Manisa CB\u00dc \u00f6\u011frencilerine \u0130\u015eKUR\u2019dan i\u015f deneyimi f\u0131rsat\u0131"},"content":{"rendered":"<p>Cumhurba\u015fkan\u0131 Recep Tayyip Erdo\u011fan\u2019\u0131n ge\u00e7ti\u011fimiz g\u00fcnlerde ger\u00e7ekle\u015ftirilen Ulusal \u0130stihdam Stratejisi Tan\u0131t\u0131m Toplant\u0131s\u0131\u2019nda \u00fcniversite \u00f6\u011frencilerine y\u00f6nelik m\u00fcjdesi olan &#8220;\u0130\u015eKUR Gen\u00e7lik Program\u0131&#8221; Manisa\u2019da ba\u015fl\u0131yor. Bin 392 kontenjan\u0131n ayr\u0131ld\u0131\u011f\u0131 Manisa Celal Bayar \u00dcniversitesinde (MCB\u00dc) programa kat\u0131lacak \u00f6\u011frenciler, bir yandan i\u015f deneyimi kazanacak, di\u011fer yandan gelir elde edecek.<br \/>\n<br \/>\u00dcniversite \u00f6\u011frencilerine i\u015f g\u00fcc\u00fc deneyimi kazand\u0131rmay\u0131 ve gelir deste\u011fi sa\u011flamas\u0131 hedeflenen \u0130\u015eKUR Gen\u00e7lik Program\u0131 kapsam\u0131nda Manisa \u00c7al\u0131\u015fma ve \u0130\u015f Kurumu ile Manisa Celal Bayar \u00dcniversitesi aras\u0131nda protokol imzaland\u0131. MCB\u00dc Rekt\u00f6r\u00fc Prof. Dr. Rana Kibar ile Manisa \u00c7al\u0131\u015fma ve \u0130\u015f Kurumu \u0130l M\u00fcd\u00fcr\u00fc G\u00fcnseli Tufan aras\u0131nda imzalanan protokol \u00e7er\u00e7evesinde, \u00fcniversite \u00f6\u011frencilerine \u00e7e\u015fitli i\u015f alanlar\u0131nda \u00e7al\u0131\u015fma imkan\u0131 sunulacak. Manisa Celal Bayar \u00dcniversitesinde okuyan \u00f6\u011frenciler i\u00e7in toplamda bin 392 kontenjan ayr\u0131ld\u0131. Programa kat\u0131lan \u00f6\u011frenciler, ilgi ve yeteneklerine uygun bir alanda haftada en fazla 3 g\u00fcn \u00e7al\u0131\u015fabilecekler. Manisa \u00c7al\u0131\u015fma ve \u0130\u015f Kurumu \u0130l M\u00fcd\u00fcr\u00fc G\u00fcnseli Tufan, yapt\u0131\u011f\u0131 a\u00e7\u0131klamada, &#8220;\u0130\u015eKUR Gen\u00e7lik Program\u0131 kapsam\u0131nda Manisa Celal Bayar \u00dcniversitesi\u2019nde okuyan \u00f6\u011frencilerimize y\u00f6nelik bin 392 kontenjan ayr\u0131ld\u0131. Bu program, \u00fcniversite \u00f6\u011frencilerimiz i\u00e7in b\u00fcy\u00fck bir f\u0131rsat sunuyor. \u00d6\u011frencilerimiz ba\u015fvuru duyurular\u0131m\u0131z\u0131 \u0130\u015eKUR Manisa sosyal medya hesaplar\u0131m\u0131z \u00fczerinden de takip edebileceklerdir. \u00d6\u011frencilerimizin i\u015f deneyimi kazanmalar\u0131n\u0131 ve maddi destekten yararlanmalar\u0131n\u0131 temenni ediyorum&#8221; dedi.<br \/>\n<br \/>Manisa Celal Bayar \u00dcniversitesi Rekt\u00f6r\u00fc Prof. Dr. Rana Kibar ise program\u0131n \u00fcniversite \u00f6\u011frencilerine sa\u011flad\u0131\u011f\u0131 imkanlar\u0131n \u00f6nemine de\u011finerek, &#8220;\u0130\u015eKUR Gen\u00e7lik Program\u0131, \u00f6\u011frencilerimizin kariyerlerini geli\u015ftirebilmeleri ve i\u015f g\u00fcc\u00fc deneyimi kazanmalar\u0131 a\u00e7\u0131s\u0131ndan \u00e7ok k\u0131ymetli bir f\u0131rsat. \u00dcniversitemizdeki \u00f6\u011frencilerimizin bu programdan en iyi \u015fekilde yararlanaca\u011f\u0131n\u0131 ve i\u015f d\u00fcnyas\u0131nda \u00f6nemli ad\u0131mlar atacaklar\u0131na inan\u0131yorum&#8221; diye konu\u015ftu.<\/p>\n<p>Program\u0131n detaylar\u0131<br \/>\n<br \/>Programa kat\u0131lan \u00f6\u011frencilere g\u00fcnl\u00fck bin 83 TL \u00f6deme yap\u0131lacak. 5 g\u00fcn \u00e7al\u0131\u015f\u0131ld\u0131\u011f\u0131nda ayl\u0131k 5.415 TL, 14 g\u00fcn \u00e7al\u0131\u015f\u0131ld\u0131\u011f\u0131nda ise yakla\u015f\u0131k 15 bin 162 TL gelir deste\u011fi sa\u011flanacak. \u00d6\u011frencilerin k\u0131sa vadeli sigorta primleri devlet taraf\u0131ndan kar\u015f\u0131lanacak. Programa T\u00fcrkiye Cumhuriyeti vatanda\u015f\u0131, 18 ya\u015f\u0131n\u0131 doldurmu\u015f \u00fcniversite \u00f6\u011frencileri ba\u015fvurabilecek. Ba\u015fvuru yapacak \u00f6\u011frencilerin, hanesinde 3 asgari \u00fccretten az gelir bulunanlar aras\u0131nda yer almas\u0131 gerekmektedir. Ba\u015fvurular 12-16 \u015eubat 2025 tarihleri aras\u0131nda www.iskur.gov.tr adresi \u00fczerinden al\u0131nacak.<br \/><\/p>\n","protected":false},"excerpt":{"rendered":"<p>Cumhurba\u015fkan\u0131 Recep Tayyip Erdo\u011fan\u2019\u0131n ge\u00e7ti\u011fimiz g\u00fcnlerde ger\u00e7ekle\u015ftirilen Ulusal \u0130stihdam Stratejisi Tan\u0131t\u0131m Toplant\u0131s\u0131\u2019nda \u00fcniversite \u00f6\u011frencilerine y\u00f6nelik m\u00fcjdesi olan &#8220;\u0130\u015eKUR Gen\u00e7lik Program\u0131&#8221; Manisa\u2019da ba\u015fl\u0131yor. Bin 392 kontenjan\u0131n ayr\u0131ld\u0131\u011f\u0131 Manisa Celal Bayar \u00dcniversitesinde (MCB\u00dc) programa kat\u0131lacak \u00f6\u011frenciler, bir yandan i\u015f deneyimi kazanacak, di\u011fer yandan gelir elde edecek. \u00dcniversite \u00f6\u011frencilerine i\u015f g\u00fcc\u00fc deneyimi kazand\u0131rmay\u0131 ve gelir deste\u011fi sa\u011flamas\u0131 hedeflenen&#8230;<\/p>\n","protected":false},"author":1,"featured_media":17491,"comment_status":"open","ping_status":"open","sticky":false,"template":"","format":"standard","meta":{"_crdt_document":"","footnotes":""},"categories":[1],"tags":[],"class_list":["post-17490","post","type-post","status-publish","format-standard","has-post-thumbnail","hentry","category-guncel"],"_links":{"self":[{"href":"https:\/\/www.egemtv.com\/index.php?rest_route=\/wp\/v2\/posts\/17490","targetHints":{"allow":["GET"]}}],"collection":[{"href":"https:\/\/www.egemtv.com\/index.php?rest_route=\/wp\/v2\/posts"}],"about":[{"href":"https:\/\/www.egemtv.com\/index.php?rest_route=\/wp\/v2\/types\/post"}],"author":[{"embeddable":true,"href":"https:\/\/www.egemtv.com\/index.php?rest_route=\/wp\/v2\/users\/1"}],"replies":[{"embeddable":true,"href":"https:\/\/www.egemtv.com\/index.php?rest_route=%2Fwp%2Fv2%2Fcomments&post=17490"}],"version-history":[{"count":1,"href":"https:\/\/www.egemtv.com\/index.php?rest_route=\/wp\/v2\/posts\/17490\/revisions"}],"predecessor-version":[{"id":17492,"href":"https:\/\/www.egemtv.com\/index.php?rest_route=\/wp\/v2\/posts\/17490\/revisions\/17492"}],"wp:featuredmedia":[{"embeddable":true,"href":"https:\/\/www.egemtv.com\/index.php?rest_route=\/wp\/v2\/media\/17491"}],"wp:attachment":[{"href":"https:\/\/www.egemtv.com\/index.php?rest_route=%2Fwp%2Fv2%2Fmedia&parent=17490"}],"wp:term":[{"taxonomy":"category","embeddable":true,"href":"https:\/\/www.egemtv.com\/index.php?rest_route=%2Fwp%2Fv2%2Fcategories&post=17490"},{"taxonomy":"post_tag","embeddable":true,"href":"https:\/\/www.egemtv.com\/index.php?rest_route=%2Fwp%2Fv2%2Ftags&post=17490"}],"curies":[{"name":"wp","href":"https:\/\/api.w.org\/{rel}","templated":true}]}}