{"id":17483,"date":"2025-02-10T11:11:24","date_gmt":"2025-02-10T08:11:24","guid":{"rendered":"https:\/\/www.egemtv.com\/?p=17483"},"modified":"2025-02-10T11:11:36","modified_gmt":"2025-02-10T08:11:36","slug":"seydikemerde-araclari-kundaklayan-2-kisi-tutuklandi","status":"publish","type":"post","link":"https:\/\/www.egemtv.com\/?p=17483","title":{"rendered":"Seydikemer\u2019de ara\u00e7lar\u0131 kundaklayan 2 ki\u015fi tutukland\u0131"},"content":{"rendered":"<p>Mu\u011fla\u2019n\u0131n Seydikemer il\u00e7esinde park halindeki ara\u00e7lar\u0131 kundaklayan 2 \u015f\u00fcpheli tutuklanarak, cezaevine g\u00f6nderildi.<\/p>\n<p>Mu\u011fla\u2019n\u0131n Seydikemer \u0130l\u00e7esi Zorlar Mahallesi\u2019nde gece saat 02.00 s\u0131ralar\u0131nda park halindeki bir otomobil ve motosikleti kundaklad\u0131klar\u0131 iddia edilen 2 \u015f\u00fcpheli g\u00f6zalt\u0131na al\u0131nd\u0131. Seydikemer \u0130l\u00e7e Emniyet M\u00fcd\u00fcrl\u00fc\u011f\u00fc Asayi\u015f B\u00fcro Amirli\u011fi ekipleri, Zorlar Mahallesi\u2019nde meydana gelen kundaklama olay\u0131 ile ilgili harekete ge\u00e7ti. Olay\u0131n ard\u0131ndan g\u00fcvenlik kameras\u0131 g\u00f6r\u00fcnt\u00fclerini inceleyen ekipler, H.R.Z.\u2019nin yan\u0131nda getirdi\u011fi benzinle park halindeki otomobil ve motosiklete d\u00f6kerek ate\u015fe verdi\u011fini ve sonras\u0131nda M.E. ile beraber olay yerinden ka\u00e7t\u0131\u011f\u0131n\u0131 tespit etti. Polis ekipleri, 2 \u015f\u00fcpheliyi de yakalayarak g\u00f6zalt\u0131na ald\u0131. \u015e\u00fcpheliler, emniyetteki i\u015flemlerinin ard\u0131ndan \u00e7\u0131kar\u0131ld\u0131klar\u0131 hakimlik\u00e7e tutuklan\u0131p, E\u015fen Kapal\u0131 cezaevine g\u00f6nderildi.<br \/><\/p>\n","protected":false},"excerpt":{"rendered":"<p>Mu\u011fla\u2019n\u0131n Seydikemer il\u00e7esinde park halindeki ara\u00e7lar\u0131 kundaklayan 2 \u015f\u00fcpheli tutuklanarak, cezaevine g\u00f6nderildi. Mu\u011fla\u2019n\u0131n Seydikemer \u0130l\u00e7esi Zorlar Mahallesi\u2019nde gece saat 02.00 s\u0131ralar\u0131nda park halindeki bir otomobil ve motosikleti kundaklad\u0131klar\u0131 iddia edilen 2 \u015f\u00fcpheli g\u00f6zalt\u0131na al\u0131nd\u0131. Seydikemer \u0130l\u00e7e Emniyet M\u00fcd\u00fcrl\u00fc\u011f\u00fc Asayi\u015f B\u00fcro Amirli\u011fi ekipleri, Zorlar Mahallesi\u2019nde meydana gelen kundaklama olay\u0131 ile ilgili harekete ge\u00e7ti. Olay\u0131n ard\u0131ndan g\u00fcvenlik&#8230;<\/p>\n","protected":false},"author":1,"featured_media":17484,"comment_status":"open","ping_status":"open","sticky":false,"template":"","format":"standard","meta":{"_crdt_document":"","footnotes":""},"categories":[5],"tags":[],"class_list":["post-17483","post","type-post","status-publish","format-standard","has-post-thumbnail","hentry","category-asayis"],"_links":{"self":[{"href":"https:\/\/www.egemtv.com\/index.php?rest_route=\/wp\/v2\/posts\/17483","targetHints":{"allow":["GET"]}}],"collection":[{"href":"https:\/\/www.egemtv.com\/index.php?rest_route=\/wp\/v2\/posts"}],"about":[{"href":"https:\/\/www.egemtv.com\/index.php?rest_route=\/wp\/v2\/types\/post"}],"author":[{"embeddable":true,"href":"https:\/\/www.egemtv.com\/index.php?rest_route=\/wp\/v2\/users\/1"}],"replies":[{"embeddable":true,"href":"https:\/\/www.egemtv.com\/index.php?rest_route=%2Fwp%2Fv2%2Fcomments&post=17483"}],"version-history":[{"count":1,"href":"https:\/\/www.egemtv.com\/index.php?rest_route=\/wp\/v2\/posts\/17483\/revisions"}],"predecessor-version":[{"id":17488,"href":"https:\/\/www.egemtv.com\/index.php?rest_route=\/wp\/v2\/posts\/17483\/revisions\/17488"}],"wp:featuredmedia":[{"embeddable":true,"href":"https:\/\/www.egemtv.com\/index.php?rest_route=\/wp\/v2\/media\/17484"}],"wp:attachment":[{"href":"https:\/\/www.egemtv.com\/index.php?rest_route=%2Fwp%2Fv2%2Fmedia&parent=17483"}],"wp:term":[{"taxonomy":"category","embeddable":true,"href":"https:\/\/www.egemtv.com\/index.php?rest_route=%2Fwp%2Fv2%2Fcategories&post=17483"},{"taxonomy":"post_tag","embeddable":true,"href":"https:\/\/www.egemtv.com\/index.php?rest_route=%2Fwp%2Fv2%2Ftags&post=17483"}],"curies":[{"name":"wp","href":"https:\/\/api.w.org\/{rel}","templated":true}]}}