{"id":17478,"date":"2025-02-10T11:11:17","date_gmt":"2025-02-10T08:11:17","guid":{"rendered":"https:\/\/www.egemtv.com\/?p=17478"},"modified":"2025-02-10T11:11:23","modified_gmt":"2025-02-10T08:11:23","slug":"turk-muzigi-toplulugu-dinleyicileri-mest-etti","status":"publish","type":"post","link":"https:\/\/www.egemtv.com\/?p=17478","title":{"rendered":"T\u00fcrk M\u00fczi\u011fi Toplulu\u011fu dinleyicileri mest etti"},"content":{"rendered":"<p>Yunusemre Belediyesi\u2019nin katk\u0131lar\u0131yla g\u00f6n\u00fcll\u00fc solistlerden olu\u015fan Yunusemre Belediyesi T\u00fcrk Sanat Musikisi Korosu, Millet \u00c7ar\u015f\u0131s\u0131 Etkinlik Salonu\u2019nda sanatseverlerle bulu\u015ftu.<br \/>\n<br \/>Yunusemre Belediyesi, g\u00fczel bir k\u00fclt\u00fcr sanat etkinli\u011fine daha ev sahipli\u011fi yapt\u0131. Yunusemre Belediyesi T\u00fcrk Sanat Musikisi Korosu, Millet \u00c7ar\u015f\u0131s\u0131 Etkinlik Salonu\u2019nda sahne ald\u0131. Konseri, Yunusemre Belediye Ba\u015fkan\u0131 Semih Balaban, CHP \u0130l Ba\u015fkan\u0131 \u0130lksen \u00d6zalper, CHP Yunusemre \u0130l\u00e7e Ba\u015fkan\u0131 Av.Mehmet Arslan, CHP \u015eehzadeler \u0130l\u00e7e Ba\u015fkan\u0131 Av. Mert \u00d6zk\u00f6semen, CHP \u0130l Kad\u0131n Kollar\u0131 Ba\u015fkan\u0131 G\u00fclbahar Tahmilci, Yunusemre Belediye Ba\u015fkan Yard\u0131mc\u0131lar\u0131 Haydar \u0130zci, Emine \u00d6zge Arslan ve Hakan G\u00fcrtunca, meclis \u00fcyeleri, muhtarlar ve \u00e7ok say\u0131da vatanda\u015f dinledi. Etkinlikte konu\u015fan,  Ba\u015fkan Yard\u0131mc\u0131s\u0131 G\u00fcrtunca,  so\u011fuk k\u0131\u015f gecesinde \u015fark\u0131lar ile \u0131s\u0131nacaklar\u0131n\u0131 belirterek \u015fark\u0131lar\u0131n hayat\u0131n rengi oldu\u011funu kaydetti.  CHP Yunusemre \u0130l\u00e7e Ba\u015fkan\u0131 Av.Mehmet Arslan ise &#8220;Ulu \u00d6nderimiz Gazi Mustafa Kemal Atat\u00fcrk, \u2018Sanats\u0131z kalan bir milletin hayat damarlar\u0131ndan biri kopmu\u015f demektir\u2019 diyerek sanata ve sanat\u00e7\u0131ya vermi\u015f oldu\u011fu de\u011feri vurgulam\u0131\u015ft\u0131r.  \u00dclkemiz y\u0131llard\u0131r her anlamda maalesef sefalet i\u00e7indedir.  M\u00fczik ruhun g\u0131das\u0131d\u0131r temelinde,  \u00fclkemizdeki moral bozuklu\u011fumuzu belediye Ba\u015fkan\u0131m\u0131z Semih Balaban \u00f6nc\u00fcl\u00fc\u011f\u00fcnde yap\u0131lan etkinlik ile biraz olsun giderece\u011fiz. Eme\u011fi ge\u00e7enlere te\u015fekk\u00fcr ederim&#8221; dedi.<br \/>\n<br \/>CHP \u0130l Ba\u015fkan\u0131 \u0130lksen \u00d6zalper ise &#8220;\u0130\u00e7inde bulundu\u011fumuz g\u00fcnler hepimizin can\u0131n\u0131 yakan zor g\u00fcnler. Bu t\u00fcr etkinlikler birazc\u0131k ta olsa bu ac\u0131lar\u0131m\u0131za merhem oluyor. \u00dclkenin bu karanl\u0131k g\u00fcndeminden uzakla\u015fm\u0131\u015f oluyoruz. Eme\u011fi ge\u00e7enlere \u00e7ok te\u015fekk\u00fcr ederim&#8221; \u015feklinde konu\u015ftu.<\/p>\n<p>M\u00fczik ve sanat Yunusemre\u2019nin her yerinde olacak<br \/>\n<br \/>Yunusemre Belediye Ba\u015fkan\u0131 Semih Balaban da konu\u015fmas\u0131nda \u015fu ifadelere yer verdi: &#8220;Yunusemre Belediyesi olarak sanata \u00f6nem vermek bizim en \u00f6nemli \u00f6nceliklerimizdendir. Sanat\u0131 her anlamda her kesime yaymak i\u00e7in belediye olarak elimizden geleni yap\u0131yoruz. M\u00fczi\u011fi ve sanat\u0131 hem k\u0131rsal hem de merkez mahallelerimize g\u00f6t\u00fcr\u00fcyoruz. Belediye olarak k\u00fclt\u00fcrel anlamda \u00e7al\u0131\u015fmalar\u0131m\u0131z\u0131 s\u00fcrd\u00fcrece\u011fiz.&#8221;<br \/>\n<br \/>Konu\u015fmalar\u0131n ard\u0131ndan \u015eef Oya \u0130zci\u2019nin e\u015fli\u011finde birbirinden g\u00fczel eserler seslendirildi. Dinleyiciler, ayakta alk\u0131\u015flad\u0131\u011f\u0131 program\u0131n sonunda eme\u011fi ge\u00e7enlere te\u015fekk\u00fcr etti.<br \/><\/p>\n","protected":false},"excerpt":{"rendered":"<p>Yunusemre Belediyesi\u2019nin katk\u0131lar\u0131yla g\u00f6n\u00fcll\u00fc solistlerden olu\u015fan Yunusemre Belediyesi T\u00fcrk Sanat Musikisi Korosu, Millet \u00c7ar\u015f\u0131s\u0131 Etkinlik Salonu\u2019nda sanatseverlerle bulu\u015ftu. Yunusemre Belediyesi, g\u00fczel bir k\u00fclt\u00fcr sanat etkinli\u011fine daha ev sahipli\u011fi yapt\u0131. Yunusemre Belediyesi T\u00fcrk Sanat Musikisi Korosu, Millet \u00c7ar\u015f\u0131s\u0131 Etkinlik Salonu\u2019nda sahne ald\u0131. Konseri, Yunusemre Belediye Ba\u015fkan\u0131 Semih Balaban, CHP \u0130l Ba\u015fkan\u0131 \u0130lksen \u00d6zalper, CHP Yunusemre \u0130l\u00e7e&#8230;<\/p>\n","protected":false},"author":1,"featured_media":17479,"comment_status":"open","ping_status":"open","sticky":false,"template":"","format":"standard","meta":{"_crdt_document":"","footnotes":""},"categories":[1],"tags":[],"class_list":["post-17478","post","type-post","status-publish","format-standard","has-post-thumbnail","hentry","category-guncel"],"_links":{"self":[{"href":"https:\/\/www.egemtv.com\/index.php?rest_route=\/wp\/v2\/posts\/17478","targetHints":{"allow":["GET"]}}],"collection":[{"href":"https:\/\/www.egemtv.com\/index.php?rest_route=\/wp\/v2\/posts"}],"about":[{"href":"https:\/\/www.egemtv.com\/index.php?rest_route=\/wp\/v2\/types\/post"}],"author":[{"embeddable":true,"href":"https:\/\/www.egemtv.com\/index.php?rest_route=\/wp\/v2\/users\/1"}],"replies":[{"embeddable":true,"href":"https:\/\/www.egemtv.com\/index.php?rest_route=%2Fwp%2Fv2%2Fcomments&post=17478"}],"version-history":[{"count":1,"href":"https:\/\/www.egemtv.com\/index.php?rest_route=\/wp\/v2\/posts\/17478\/revisions"}],"predecessor-version":[{"id":17482,"href":"https:\/\/www.egemtv.com\/index.php?rest_route=\/wp\/v2\/posts\/17478\/revisions\/17482"}],"wp:featuredmedia":[{"embeddable":true,"href":"https:\/\/www.egemtv.com\/index.php?rest_route=\/wp\/v2\/media\/17479"}],"wp:attachment":[{"href":"https:\/\/www.egemtv.com\/index.php?rest_route=%2Fwp%2Fv2%2Fmedia&parent=17478"}],"wp:term":[{"taxonomy":"category","embeddable":true,"href":"https:\/\/www.egemtv.com\/index.php?rest_route=%2Fwp%2Fv2%2Fcategories&post=17478"},{"taxonomy":"post_tag","embeddable":true,"href":"https:\/\/www.egemtv.com\/index.php?rest_route=%2Fwp%2Fv2%2Ftags&post=17478"}],"curies":[{"name":"wp","href":"https:\/\/api.w.org\/{rel}","templated":true}]}}