{"id":17475,"date":"2025-02-10T11:11:14","date_gmt":"2025-02-10T08:11:14","guid":{"rendered":"https:\/\/www.egemtv.com\/?p=17475"},"modified":"2025-02-10T11:11:17","modified_gmt":"2025-02-10T08:11:17","slug":"agactan-duserek-ayagi-kirilan-vatandasi-ekipler-kurtardi","status":"publish","type":"post","link":"https:\/\/www.egemtv.com\/?p=17475","title":{"rendered":"A\u011fa\u00e7tan d\u00fc\u015ferek aya\u011f\u0131 k\u0131r\u0131lan vatanda\u015f\u0131 ekipler kurtard\u0131"},"content":{"rendered":"<p>Ayd\u0131n\u2019\u0131n Germencik il\u00e7esinde zeytin a\u011fac\u0131ndan d\u00fc\u015ferek aya\u011f\u0131 k\u0131r\u0131lan vatanda\u015f ekipler bulundu\u011fu yerden al\u0131n\u0131p sedye ile ta\u015f\u0131narak ambulans g\u00f6revlilerine teslim edildi.<\/p>\n<p>Edinilen bilgiye g\u00f6re, da\u011fl\u0131k b\u00f6lgede zeytin hasad\u0131 yapan bir ki\u015fi a\u011faca t\u0131rmand\u0131\u011f\u0131 s\u0131rada dengesini kaybederek yere d\u00fc\u015f\u00fcp yaraland\u0131. 112 Acil \u00c7a\u011fr\u0131 Merkezi\u2019ne yap\u0131lan ihbar \u00fczerine b\u00f6lgeye ekipler sevk edildi. K\u0131sa s\u00fcrede olay yerine gelen AFAD arama kurtarma, UMKE ve Ayd\u0131n B\u00fcy\u00fck\u015fehir Belediyesi \u0130tfaiye Daire Ba\u015fkanl\u0131\u011f\u0131 ekipleri vatanda\u015fa ula\u015ft\u0131. \u0130lk m\u00fcdahalesi olay yerinde yap\u0131lan \u015fah\u0131s sedye ile ambulansa ta\u015f\u0131nd\u0131. Germencik Devlet Hastanesi\u2019nde tedavi alt\u0131na al\u0131nan \u015fahs\u0131n sa\u011fl\u0131k durumunun iyi oldu\u011fu \u00f6\u011frenildi.<br \/><\/p>\n","protected":false},"excerpt":{"rendered":"<p>Ayd\u0131n\u2019\u0131n Germencik il\u00e7esinde zeytin a\u011fac\u0131ndan d\u00fc\u015ferek aya\u011f\u0131 k\u0131r\u0131lan vatanda\u015f ekipler bulundu\u011fu yerden al\u0131n\u0131p sedye ile ta\u015f\u0131narak ambulans g\u00f6revlilerine teslim edildi. Edinilen bilgiye g\u00f6re, da\u011fl\u0131k b\u00f6lgede zeytin hasad\u0131 yapan bir ki\u015fi a\u011faca t\u0131rmand\u0131\u011f\u0131 s\u0131rada dengesini kaybederek yere d\u00fc\u015f\u00fcp yaraland\u0131. 112 Acil \u00c7a\u011fr\u0131 Merkezi\u2019ne yap\u0131lan ihbar \u00fczerine b\u00f6lgeye ekipler sevk edildi. K\u0131sa s\u00fcrede olay yerine gelen AFAD&#8230;<\/p>\n","protected":false},"author":1,"featured_media":17476,"comment_status":"open","ping_status":"open","sticky":false,"template":"","format":"standard","meta":{"_crdt_document":"","footnotes":""},"categories":[5],"tags":[],"class_list":["post-17475","post","type-post","status-publish","format-standard","has-post-thumbnail","hentry","category-asayis"],"_links":{"self":[{"href":"https:\/\/www.egemtv.com\/index.php?rest_route=\/wp\/v2\/posts\/17475","targetHints":{"allow":["GET"]}}],"collection":[{"href":"https:\/\/www.egemtv.com\/index.php?rest_route=\/wp\/v2\/posts"}],"about":[{"href":"https:\/\/www.egemtv.com\/index.php?rest_route=\/wp\/v2\/types\/post"}],"author":[{"embeddable":true,"href":"https:\/\/www.egemtv.com\/index.php?rest_route=\/wp\/v2\/users\/1"}],"replies":[{"embeddable":true,"href":"https:\/\/www.egemtv.com\/index.php?rest_route=%2Fwp%2Fv2%2Fcomments&post=17475"}],"version-history":[{"count":1,"href":"https:\/\/www.egemtv.com\/index.php?rest_route=\/wp\/v2\/posts\/17475\/revisions"}],"predecessor-version":[{"id":17477,"href":"https:\/\/www.egemtv.com\/index.php?rest_route=\/wp\/v2\/posts\/17475\/revisions\/17477"}],"wp:featuredmedia":[{"embeddable":true,"href":"https:\/\/www.egemtv.com\/index.php?rest_route=\/wp\/v2\/media\/17476"}],"wp:attachment":[{"href":"https:\/\/www.egemtv.com\/index.php?rest_route=%2Fwp%2Fv2%2Fmedia&parent=17475"}],"wp:term":[{"taxonomy":"category","embeddable":true,"href":"https:\/\/www.egemtv.com\/index.php?rest_route=%2Fwp%2Fv2%2Fcategories&post=17475"},{"taxonomy":"post_tag","embeddable":true,"href":"https:\/\/www.egemtv.com\/index.php?rest_route=%2Fwp%2Fv2%2Ftags&post=17475"}],"curies":[{"name":"wp","href":"https:\/\/api.w.org\/{rel}","templated":true}]}}