{"id":17472,"date":"2025-02-10T11:04:54","date_gmt":"2025-02-10T08:04:54","guid":{"rendered":"https:\/\/www.egemtv.com\/?p=17472"},"modified":"2025-02-10T11:04:56","modified_gmt":"2025-02-10T08:04:56","slug":"aydin-saglik-bakanligi-bilimsel-calisma-komisyonu-uyeligine-secildi","status":"publish","type":"post","link":"https:\/\/www.egemtv.com\/?p=17472","title":{"rendered":"Ayd\u0131n, Sa\u011fl\u0131k Bakanl\u0131\u011f\u0131 Bilimsel \u00c7al\u0131\u015fma Komisyonu \u00fcyeli\u011fine se\u00e7ildi"},"content":{"rendered":"<p>K\u00fctahya Evliya \u00c7elebi E\u011fitim ve Ara\u015ft\u0131rma Hastanesi Ba\u015fhekimi ve K\u00fctahya Sa\u011fl\u0131k Bilimleri \u00dcniversitesi Beyin ve Sinir Cerrahisi \u00d6\u011fretim \u00dcyesi Prof. Dr. Hasan Emre Ayd\u0131n, Sa\u011fl\u0131k Bakanl\u0131\u011f\u0131 Bilimsel \u00c7al\u0131\u015fma Komisyonu \u00fcyeli\u011fine se\u00e7ildi. Ayd\u0131n\u2019\u0131n bu \u00f6nemli g\u00f6reve getirilmesi, K\u00fctahya ve sa\u011fl\u0131k camias\u0131 i\u00e7in b\u00fcy\u00fck bir gurur kayna\u011f\u0131 oldu.<br \/><\/p>\n","protected":false},"excerpt":{"rendered":"<p>K\u00fctahya Evliya \u00c7elebi E\u011fitim ve Ara\u015ft\u0131rma Hastanesi Ba\u015fhekimi ve K\u00fctahya Sa\u011fl\u0131k Bilimleri \u00dcniversitesi Beyin ve Sinir Cerrahisi \u00d6\u011fretim \u00dcyesi Prof. Dr. Hasan Emre Ayd\u0131n, Sa\u011fl\u0131k Bakanl\u0131\u011f\u0131 Bilimsel \u00c7al\u0131\u015fma Komisyonu \u00fcyeli\u011fine se\u00e7ildi. Ayd\u0131n\u2019\u0131n bu \u00f6nemli g\u00f6reve getirilmesi, K\u00fctahya ve sa\u011fl\u0131k camias\u0131 i\u00e7in b\u00fcy\u00fck bir gurur kayna\u011f\u0131 oldu.<\/p>\n","protected":false},"author":1,"featured_media":17473,"comment_status":"open","ping_status":"open","sticky":false,"template":"","format":"standard","meta":{"_crdt_document":"","footnotes":""},"categories":[2],"tags":[],"class_list":["post-17472","post","type-post","status-publish","format-standard","has-post-thumbnail","hentry","category-saglik"],"_links":{"self":[{"href":"https:\/\/www.egemtv.com\/index.php?rest_route=\/wp\/v2\/posts\/17472","targetHints":{"allow":["GET"]}}],"collection":[{"href":"https:\/\/www.egemtv.com\/index.php?rest_route=\/wp\/v2\/posts"}],"about":[{"href":"https:\/\/www.egemtv.com\/index.php?rest_route=\/wp\/v2\/types\/post"}],"author":[{"embeddable":true,"href":"https:\/\/www.egemtv.com\/index.php?rest_route=\/wp\/v2\/users\/1"}],"replies":[{"embeddable":true,"href":"https:\/\/www.egemtv.com\/index.php?rest_route=%2Fwp%2Fv2%2Fcomments&post=17472"}],"version-history":[{"count":1,"href":"https:\/\/www.egemtv.com\/index.php?rest_route=\/wp\/v2\/posts\/17472\/revisions"}],"predecessor-version":[{"id":17474,"href":"https:\/\/www.egemtv.com\/index.php?rest_route=\/wp\/v2\/posts\/17472\/revisions\/17474"}],"wp:featuredmedia":[{"embeddable":true,"href":"https:\/\/www.egemtv.com\/index.php?rest_route=\/wp\/v2\/media\/17473"}],"wp:attachment":[{"href":"https:\/\/www.egemtv.com\/index.php?rest_route=%2Fwp%2Fv2%2Fmedia&parent=17472"}],"wp:term":[{"taxonomy":"category","embeddable":true,"href":"https:\/\/www.egemtv.com\/index.php?rest_route=%2Fwp%2Fv2%2Fcategories&post=17472"},{"taxonomy":"post_tag","embeddable":true,"href":"https:\/\/www.egemtv.com\/index.php?rest_route=%2Fwp%2Fv2%2Ftags&post=17472"}],"curies":[{"name":"wp","href":"https:\/\/api.w.org\/{rel}","templated":true}]}}