{"id":17469,"date":"2025-02-10T11:04:49","date_gmt":"2025-02-10T08:04:49","guid":{"rendered":"https:\/\/www.egemtv.com\/?p=17469"},"modified":"2025-02-10T11:04:54","modified_gmt":"2025-02-10T08:04:54","slug":"mentesenin-yapi-envanteri-icin-calismalar-basladi","status":"publish","type":"post","link":"https:\/\/www.egemtv.com\/?p=17469","title":{"rendered":"Mente\u015fe\u2019nin yap\u0131 envanteri i\u00e7in \u00e7al\u0131\u015fmalar ba\u015flad\u0131"},"content":{"rendered":"<p>Mente\u015fe Belediyesi taraf\u0131ndan kentin yap\u0131 envanterinin belirlenmesi ve yap\u0131lar\u0131n depreme kar\u015f\u0131 diren\u00e7li hale getirilmesi amac\u0131yla \u00e7al\u0131\u015fma ba\u015flat\u0131ld\u0131. Bu kapsamda Mente\u015fe Belediyesi ve \u0130n\u015faat M\u00fchendisleri Odas\u0131 i\u015fbirli\u011fiyle yerle\u015fim alanlar\u0131n\u0131n planl\u0131, g\u00fcvenli ve dayan\u0131kl\u0131 bir \u015fekilde in\u015fa edilmesi ve yeniden yap\u0131land\u0131r\u0131lmas\u0131 hedefleniyor.<br \/>\n<br \/>Ger\u00e7ekle\u015ftirilecek \u00e7al\u0131\u015fmalar do\u011frultusunda, Mente\u015fe\u2019nin planl\u0131, g\u00fcvenli ve s\u00fcrd\u00fcr\u00fclebilir kent geli\u015fimini sa\u011flamak amac\u0131yla yap\u0131 envanteri olu\u015fturulacak ve depreme kar\u015f\u0131 diren\u00e7li bir kent in\u015fa edilecek.<br \/>\n<br \/>Ba\u015fkan K\u00f6ksal: &#8220;Amac\u0131m\u0131z depreme dayan\u0131kl\u0131, nitelikli kentle\u015fme&#8221;<br \/>\n<br \/>Mente\u015fe Belediye Ba\u015fkan\u0131 Gonca K\u00f6ksal, y\u00fcr\u00fct\u00fclen \u00e7al\u0131\u015fmalara ili\u015fkin yapt\u0131\u011f\u0131 a\u00e7\u0131klamada \u015funlar\u0131 s\u00f6yledi:<br \/>\n<br \/>&#8220;Bu \u00e7al\u0131\u015fma, yap\u0131 envanterimizi olu\u015fturarak depreme kar\u015f\u0131 diren\u00e7li bir kent in\u015fa etme hedefimizin \u00f6nemli bir ad\u0131m\u0131d\u0131r. Bilimsel ve teknik esaslara dayal\u0131 sa\u011fl\u0131kl\u0131 \u015fehirle\u015fme ve do\u011fru planlama \u00e7er\u00e7evesinde mimarl\u0131k ve m\u00fchendislik hizmetleriyle \u015fehrimizi gelece\u011fe haz\u0131rl\u0131yoruz. Ortak ak\u0131l ve dayan\u0131\u015fma ile hareket etmeye devam edece\u011fiz. Kentimizin tarihine, k\u00fclt\u00fcr\u00fcne ve do\u011fas\u0131na sahip \u00e7\u0131karak, g\u00fcvenli ve ya\u015fanabilir bir \u015fehir in\u015fa etmek i\u00e7in i\u015f birli\u011fi i\u00e7inde \u00e7al\u0131\u015f\u0131yoruz&#8221;<br \/><\/p>\n","protected":false},"excerpt":{"rendered":"<p>Mente\u015fe Belediyesi taraf\u0131ndan kentin yap\u0131 envanterinin belirlenmesi ve yap\u0131lar\u0131n depreme kar\u015f\u0131 diren\u00e7li hale getirilmesi amac\u0131yla \u00e7al\u0131\u015fma ba\u015flat\u0131ld\u0131. Bu kapsamda Mente\u015fe Belediyesi ve \u0130n\u015faat M\u00fchendisleri Odas\u0131 i\u015fbirli\u011fiyle yerle\u015fim alanlar\u0131n\u0131n planl\u0131, g\u00fcvenli ve dayan\u0131kl\u0131 bir \u015fekilde in\u015fa edilmesi ve yeniden yap\u0131land\u0131r\u0131lmas\u0131 hedefleniyor. Ger\u00e7ekle\u015ftirilecek \u00e7al\u0131\u015fmalar do\u011frultusunda, Mente\u015fe\u2019nin planl\u0131, g\u00fcvenli ve s\u00fcrd\u00fcr\u00fclebilir kent geli\u015fimini sa\u011flamak amac\u0131yla yap\u0131 envanteri olu\u015fturulacak&#8230;<\/p>\n","protected":false},"author":1,"featured_media":17470,"comment_status":"open","ping_status":"open","sticky":false,"template":"","format":"standard","meta":{"_crdt_document":"","footnotes":""},"categories":[1],"tags":[],"class_list":["post-17469","post","type-post","status-publish","format-standard","has-post-thumbnail","hentry","category-guncel"],"_links":{"self":[{"href":"https:\/\/www.egemtv.com\/index.php?rest_route=\/wp\/v2\/posts\/17469","targetHints":{"allow":["GET"]}}],"collection":[{"href":"https:\/\/www.egemtv.com\/index.php?rest_route=\/wp\/v2\/posts"}],"about":[{"href":"https:\/\/www.egemtv.com\/index.php?rest_route=\/wp\/v2\/types\/post"}],"author":[{"embeddable":true,"href":"https:\/\/www.egemtv.com\/index.php?rest_route=\/wp\/v2\/users\/1"}],"replies":[{"embeddable":true,"href":"https:\/\/www.egemtv.com\/index.php?rest_route=%2Fwp%2Fv2%2Fcomments&post=17469"}],"version-history":[{"count":1,"href":"https:\/\/www.egemtv.com\/index.php?rest_route=\/wp\/v2\/posts\/17469\/revisions"}],"predecessor-version":[{"id":17471,"href":"https:\/\/www.egemtv.com\/index.php?rest_route=\/wp\/v2\/posts\/17469\/revisions\/17471"}],"wp:featuredmedia":[{"embeddable":true,"href":"https:\/\/www.egemtv.com\/index.php?rest_route=\/wp\/v2\/media\/17470"}],"wp:attachment":[{"href":"https:\/\/www.egemtv.com\/index.php?rest_route=%2Fwp%2Fv2%2Fmedia&parent=17469"}],"wp:term":[{"taxonomy":"category","embeddable":true,"href":"https:\/\/www.egemtv.com\/index.php?rest_route=%2Fwp%2Fv2%2Fcategories&post=17469"},{"taxonomy":"post_tag","embeddable":true,"href":"https:\/\/www.egemtv.com\/index.php?rest_route=%2Fwp%2Fv2%2Ftags&post=17469"}],"curies":[{"name":"wp","href":"https:\/\/api.w.org\/{rel}","templated":true}]}}