{"id":17466,"date":"2025-02-10T10:59:08","date_gmt":"2025-02-10T07:59:08","guid":{"rendered":"https:\/\/www.egemtv.com\/?p=17466"},"modified":"2025-02-10T10:59:14","modified_gmt":"2025-02-10T07:59:14","slug":"kutahya-il-genel-meclis-baskani-muammer-ozcura-muhtarlarla-bir-araya-geldi","status":"publish","type":"post","link":"https:\/\/www.egemtv.com\/?p=17466","title":{"rendered":"K\u00fctahya \u0130l Genel Meclis Ba\u015fkan\u0131 Muammer \u00d6zcura muhtarlarla bir araya geldi"},"content":{"rendered":"<p>K\u00fctahya\u2019da \u0130l Genel Meclisi Ba\u015fkan\u0131 Muammer \u00d6zcura, Seyit\u00f6mer ve \u00e7evresindeki k\u00f6y muhtarlar\u0131n\u0131n daveti \u00fczerine Seyit\u00f6mer Beldesi\u2019nde d\u00fczenlenen toplant\u0131ya kat\u0131ld\u0131. Programda, k\u00f6y muhtarlar\u0131 taleplerini do\u011frudan \u00d6zcura\u2019ya iletme f\u0131rsat\u0131 buldu.<br \/>\n<br \/>Toplant\u0131da konu\u015fan Meclis Ba\u015fkan\u0131 Muammer \u00d6zcura, g\u00f6reve geldikleri g\u00fcnden bu yana muhtarlarla koordineli bir \u015fekilde \u00e7al\u0131\u015ft\u0131klar\u0131n\u0131 belirterek, bu i\u015f birli\u011finin s\u00fcrece\u011fini vurgulad\u0131. K\u00f6ylerdeki altyap\u0131 sorunlar\u0131n\u0131n b\u00fcy\u00fck bir k\u0131sm\u0131n\u0131n AK Parti iktidar\u0131nda \u00e7\u00f6z\u00fcld\u00fc\u011f\u00fcn\u00fc ifade eden \u00d6zcura, desteklerinden dolay\u0131 Cumhurba\u015fkan\u0131 Recep Tayyip Erdo\u011fan\u2019a, K\u00fctahya Valisi\u2019ne, milletvekillerine ve AK Parti te\u015fkilat\u0131na te\u015fekk\u00fcr etti.<br \/>\n<br \/>Muhtarlar\u0131n k\u00f6ylerde \u00f6nemli bir rol \u00fcstlendi\u011fini belirten \u00d6zcura, &#8220;Muhtarlar\u0131m\u0131z\u0131n 7 g\u00fcn 24 saat hizmetindeyiz. K\u00f6ylerimizin sorunlar\u0131n\u0131n \u00e7\u00f6z\u00fcm\u00fcne y\u00f6nelik \u00e7al\u0131\u015fmalar\u0131m\u0131z devam edecek. Bizi bu programa davet eden t\u00fcm muhtarlar\u0131m\u0131za te\u015fekk\u00fcr ediyorum&#8221; dedi.<br \/>\n<br \/>Programa, Seyit\u00f6mer Beldesi Belediye Ba\u015fkan\u0131 Mahmut Yol da kat\u0131ld\u0131.<br \/><\/p>\n","protected":false},"excerpt":{"rendered":"<p>K\u00fctahya\u2019da \u0130l Genel Meclisi Ba\u015fkan\u0131 Muammer \u00d6zcura, Seyit\u00f6mer ve \u00e7evresindeki k\u00f6y muhtarlar\u0131n\u0131n daveti \u00fczerine Seyit\u00f6mer Beldesi\u2019nde d\u00fczenlenen toplant\u0131ya kat\u0131ld\u0131. Programda, k\u00f6y muhtarlar\u0131 taleplerini do\u011frudan \u00d6zcura\u2019ya iletme f\u0131rsat\u0131 buldu. Toplant\u0131da konu\u015fan Meclis Ba\u015fkan\u0131 Muammer \u00d6zcura, g\u00f6reve geldikleri g\u00fcnden bu yana muhtarlarla koordineli bir \u015fekilde \u00e7al\u0131\u015ft\u0131klar\u0131n\u0131 belirterek, bu i\u015f birli\u011finin s\u00fcrece\u011fini vurgulad\u0131. K\u00f6ylerdeki altyap\u0131 sorunlar\u0131n\u0131n b\u00fcy\u00fck bir&#8230;<\/p>\n","protected":false},"author":1,"featured_media":17467,"comment_status":"open","ping_status":"open","sticky":false,"template":"","format":"standard","meta":{"_crdt_document":"","footnotes":""},"categories":[123],"tags":[],"class_list":["post-17466","post","type-post","status-publish","format-standard","has-post-thumbnail","hentry","category-gundem"],"_links":{"self":[{"href":"https:\/\/www.egemtv.com\/index.php?rest_route=\/wp\/v2\/posts\/17466","targetHints":{"allow":["GET"]}}],"collection":[{"href":"https:\/\/www.egemtv.com\/index.php?rest_route=\/wp\/v2\/posts"}],"about":[{"href":"https:\/\/www.egemtv.com\/index.php?rest_route=\/wp\/v2\/types\/post"}],"author":[{"embeddable":true,"href":"https:\/\/www.egemtv.com\/index.php?rest_route=\/wp\/v2\/users\/1"}],"replies":[{"embeddable":true,"href":"https:\/\/www.egemtv.com\/index.php?rest_route=%2Fwp%2Fv2%2Fcomments&post=17466"}],"version-history":[{"count":1,"href":"https:\/\/www.egemtv.com\/index.php?rest_route=\/wp\/v2\/posts\/17466\/revisions"}],"predecessor-version":[{"id":17468,"href":"https:\/\/www.egemtv.com\/index.php?rest_route=\/wp\/v2\/posts\/17466\/revisions\/17468"}],"wp:featuredmedia":[{"embeddable":true,"href":"https:\/\/www.egemtv.com\/index.php?rest_route=\/wp\/v2\/media\/17467"}],"wp:attachment":[{"href":"https:\/\/www.egemtv.com\/index.php?rest_route=%2Fwp%2Fv2%2Fmedia&parent=17466"}],"wp:term":[{"taxonomy":"category","embeddable":true,"href":"https:\/\/www.egemtv.com\/index.php?rest_route=%2Fwp%2Fv2%2Fcategories&post=17466"},{"taxonomy":"post_tag","embeddable":true,"href":"https:\/\/www.egemtv.com\/index.php?rest_route=%2Fwp%2Fv2%2Ftags&post=17466"}],"curies":[{"name":"wp","href":"https:\/\/api.w.org\/{rel}","templated":true}]}}