{"id":17463,"date":"2025-02-10T10:59:03","date_gmt":"2025-02-10T07:59:03","guid":{"rendered":"https:\/\/www.egemtv.com\/?p=17463"},"modified":"2025-02-10T10:59:08","modified_gmt":"2025-02-10T07:59:08","slug":"sandiklida-kucukbas-hayvanlara-asilama-calismasi-yapildi","status":"publish","type":"post","link":"https:\/\/www.egemtv.com\/?p=17463","title":{"rendered":"Sand\u0131kl\u0131\u2019da k\u00fc\u00e7\u00fckba\u015f hayvanlara a\u015f\u0131lama \u00e7al\u0131\u015fmas\u0131 yap\u0131ld\u0131"},"content":{"rendered":"<p>Afyonkarahisar\u2019\u0131n Sand\u0131kl\u0131 il\u00e7esinde k\u00fc\u00e7\u00fckba\u015f hayvanlara y\u00f6nelik \u00e7i\u00e7ek ve veba a\u015f\u0131lamas\u0131na ba\u015fland\u0131.<br \/>\n<br \/>Afyonkarahisar Tar\u0131m ve Orman M\u00fcd\u00fcrl\u00fc\u011f\u00fcnden yap\u0131lan a\u00e7\u0131klamada, a\u015f\u0131lama \u00e7al\u0131\u015fmas\u0131n\u0131n Sand\u0131kl\u0131 il\u00e7esinde h\u0131zla devam etti\u011fi belirtildi. A\u00e7\u0131klamada, &#8220;Sand\u0131kl\u0131 \u0130l\u00e7e Tar\u0131m ve Orman M\u00fcd\u00fcrl\u00fc\u011f\u00fc Veteriner Hekimleri taraf\u0131ndan k\u00fc\u00e7\u00fckba\u015f hayvanlarda \u00e7i\u00e7ek ve veba a\u015f\u0131lar\u0131 yap\u0131lmaya devam ediliyor. A\u015f\u0131laman\u0131n yan\u0131 s\u0131ra kimliklendirme ve kay\u0131t alt\u0131na alma \u00e7al\u0131\u015fmalar\u0131 da ger\u00e7ekle\u015ftiriliyor&#8221; ifadelerine yer verildi.<br \/><\/p>\n","protected":false},"excerpt":{"rendered":"<p>Afyonkarahisar\u2019\u0131n Sand\u0131kl\u0131 il\u00e7esinde k\u00fc\u00e7\u00fckba\u015f hayvanlara y\u00f6nelik \u00e7i\u00e7ek ve veba a\u015f\u0131lamas\u0131na ba\u015fland\u0131. Afyonkarahisar Tar\u0131m ve Orman M\u00fcd\u00fcrl\u00fc\u011f\u00fcnden yap\u0131lan a\u00e7\u0131klamada, a\u015f\u0131lama \u00e7al\u0131\u015fmas\u0131n\u0131n Sand\u0131kl\u0131 il\u00e7esinde h\u0131zla devam etti\u011fi belirtildi. A\u00e7\u0131klamada, &#8220;Sand\u0131kl\u0131 \u0130l\u00e7e Tar\u0131m ve Orman M\u00fcd\u00fcrl\u00fc\u011f\u00fc Veteriner Hekimleri taraf\u0131ndan k\u00fc\u00e7\u00fckba\u015f hayvanlarda \u00e7i\u00e7ek ve veba a\u015f\u0131lar\u0131 yap\u0131lmaya devam ediliyor. A\u015f\u0131laman\u0131n yan\u0131 s\u0131ra kimliklendirme ve kay\u0131t alt\u0131na alma \u00e7al\u0131\u015fmalar\u0131 da&#8230;<\/p>\n","protected":false},"author":1,"featured_media":17464,"comment_status":"open","ping_status":"open","sticky":false,"template":"","format":"standard","meta":{"_crdt_document":"","footnotes":""},"categories":[1],"tags":[],"class_list":["post-17463","post","type-post","status-publish","format-standard","has-post-thumbnail","hentry","category-guncel"],"_links":{"self":[{"href":"https:\/\/www.egemtv.com\/index.php?rest_route=\/wp\/v2\/posts\/17463","targetHints":{"allow":["GET"]}}],"collection":[{"href":"https:\/\/www.egemtv.com\/index.php?rest_route=\/wp\/v2\/posts"}],"about":[{"href":"https:\/\/www.egemtv.com\/index.php?rest_route=\/wp\/v2\/types\/post"}],"author":[{"embeddable":true,"href":"https:\/\/www.egemtv.com\/index.php?rest_route=\/wp\/v2\/users\/1"}],"replies":[{"embeddable":true,"href":"https:\/\/www.egemtv.com\/index.php?rest_route=%2Fwp%2Fv2%2Fcomments&post=17463"}],"version-history":[{"count":1,"href":"https:\/\/www.egemtv.com\/index.php?rest_route=\/wp\/v2\/posts\/17463\/revisions"}],"predecessor-version":[{"id":17465,"href":"https:\/\/www.egemtv.com\/index.php?rest_route=\/wp\/v2\/posts\/17463\/revisions\/17465"}],"wp:featuredmedia":[{"embeddable":true,"href":"https:\/\/www.egemtv.com\/index.php?rest_route=\/wp\/v2\/media\/17464"}],"wp:attachment":[{"href":"https:\/\/www.egemtv.com\/index.php?rest_route=%2Fwp%2Fv2%2Fmedia&parent=17463"}],"wp:term":[{"taxonomy":"category","embeddable":true,"href":"https:\/\/www.egemtv.com\/index.php?rest_route=%2Fwp%2Fv2%2Fcategories&post=17463"},{"taxonomy":"post_tag","embeddable":true,"href":"https:\/\/www.egemtv.com\/index.php?rest_route=%2Fwp%2Fv2%2Ftags&post=17463"}],"curies":[{"name":"wp","href":"https:\/\/api.w.org\/{rel}","templated":true}]}}