{"id":17460,"date":"2025-02-10T10:55:31","date_gmt":"2025-02-10T07:55:31","guid":{"rendered":"https:\/\/www.egemtv.com\/?p=17460"},"modified":"2025-02-10T10:55:36","modified_gmt":"2025-02-10T07:55:36","slug":"aydinda-normal-dogumun-saglik-icin-onemine-dikkat-cekildi","status":"publish","type":"post","link":"https:\/\/www.egemtv.com\/?p=17460","title":{"rendered":"Ayd\u0131n\u2019da \u2019normal do\u011fumun\u2019 sa\u011fl\u0131k i\u00e7in \u00f6nemine dikkat \u00e7ekildi"},"content":{"rendered":"<p>Ayd\u0131n\u2019\u0131n Didim ve Nazilli il\u00e7elerinde normal do\u011fumun, anne ve bebek sa\u011fl\u0131\u011f\u0131 i\u00e7in \u00f6nemine dikkat \u00e7ekilerek, e\u011fitimler verildi.<\/p>\n<p>Ayd\u0131n\u2019daki sa\u011fl\u0131k kurumlar\u0131nda &#8220;Do\u011fal Olan Normal Do\u011fum Eylem Plan\u0131&#8221; kapsam\u0131nda bilgilendirme etkinlikleri d\u00fczenlendi. Bu \u00e7er\u00e7evede Nazilli ve Didim il\u00e7elerinde gebelere y\u00f6nelik bilgilendirme \u00e7al\u0131\u015fmas\u0131 yap\u0131ld\u0131 ve bro\u015f\u00fcr da\u011f\u0131t\u0131ld\u0131. Normal do\u011fumun anne ve bebek sa\u011fl\u0131\u011f\u0131 a\u00e7\u0131s\u0131ndan avantajlar\u0131na dikkat \u00e7ekilen e\u011fitimlerde gebelere do\u011fum s\u00fcreciyle ilgili bilin\u00e7li karar verebilmeleri i\u00e7in detayl\u0131 bilgiler de verildi.<\/p>\n<p>Normal do\u011fumu te\u015fvik ederek sezaryen oranlar\u0131n\u0131n azalmas\u0131n\u0131 sa\u011flamak ve anne-bebek sa\u011fl\u0131\u011f\u0131n\u0131 en \u00fcst d\u00fczeye \u00e7\u0131karmak amac\u0131yla ba\u015flat\u0131lan &#8220;Do\u011fal Olan Normal Do\u011fum Eylem Plan\u0131&#8221; kapsam\u0131nda normal do\u011fum \u00f6ncesi, do\u011fum ve do\u011fum sonras\u0131 sa\u011fl\u0131k hizmetleri ile ilgili Didim ve Nazilli\u2019de gebelere ve halka y\u00f6nelik e\u011fitimler yap\u0131ld\u0131. Ayr\u0131ca etkinliklerde anne ve bebek sa\u011fl\u0131\u011f\u0131 i\u00e7in en do\u011fal\u0131n normal do\u011fum oldu\u011fu vurguland\u0131.<br \/><\/p>\n","protected":false},"excerpt":{"rendered":"<p>Ayd\u0131n\u2019\u0131n Didim ve Nazilli il\u00e7elerinde normal do\u011fumun, anne ve bebek sa\u011fl\u0131\u011f\u0131 i\u00e7in \u00f6nemine dikkat \u00e7ekilerek, e\u011fitimler verildi. Ayd\u0131n\u2019daki sa\u011fl\u0131k kurumlar\u0131nda &#8220;Do\u011fal Olan Normal Do\u011fum Eylem Plan\u0131&#8221; kapsam\u0131nda bilgilendirme etkinlikleri d\u00fczenlendi. Bu \u00e7er\u00e7evede Nazilli ve Didim il\u00e7elerinde gebelere y\u00f6nelik bilgilendirme \u00e7al\u0131\u015fmas\u0131 yap\u0131ld\u0131 ve bro\u015f\u00fcr da\u011f\u0131t\u0131ld\u0131. Normal do\u011fumun anne ve bebek sa\u011fl\u0131\u011f\u0131 a\u00e7\u0131s\u0131ndan avantajlar\u0131na dikkat \u00e7ekilen e\u011fitimlerde&#8230;<\/p>\n","protected":false},"author":1,"featured_media":17461,"comment_status":"open","ping_status":"open","sticky":false,"template":"","format":"standard","meta":{"_crdt_document":"","footnotes":""},"categories":[2],"tags":[],"class_list":["post-17460","post","type-post","status-publish","format-standard","has-post-thumbnail","hentry","category-saglik"],"_links":{"self":[{"href":"https:\/\/www.egemtv.com\/index.php?rest_route=\/wp\/v2\/posts\/17460","targetHints":{"allow":["GET"]}}],"collection":[{"href":"https:\/\/www.egemtv.com\/index.php?rest_route=\/wp\/v2\/posts"}],"about":[{"href":"https:\/\/www.egemtv.com\/index.php?rest_route=\/wp\/v2\/types\/post"}],"author":[{"embeddable":true,"href":"https:\/\/www.egemtv.com\/index.php?rest_route=\/wp\/v2\/users\/1"}],"replies":[{"embeddable":true,"href":"https:\/\/www.egemtv.com\/index.php?rest_route=%2Fwp%2Fv2%2Fcomments&post=17460"}],"version-history":[{"count":1,"href":"https:\/\/www.egemtv.com\/index.php?rest_route=\/wp\/v2\/posts\/17460\/revisions"}],"predecessor-version":[{"id":17462,"href":"https:\/\/www.egemtv.com\/index.php?rest_route=\/wp\/v2\/posts\/17460\/revisions\/17462"}],"wp:featuredmedia":[{"embeddable":true,"href":"https:\/\/www.egemtv.com\/index.php?rest_route=\/wp\/v2\/media\/17461"}],"wp:attachment":[{"href":"https:\/\/www.egemtv.com\/index.php?rest_route=%2Fwp%2Fv2%2Fmedia&parent=17460"}],"wp:term":[{"taxonomy":"category","embeddable":true,"href":"https:\/\/www.egemtv.com\/index.php?rest_route=%2Fwp%2Fv2%2Fcategories&post=17460"},{"taxonomy":"post_tag","embeddable":true,"href":"https:\/\/www.egemtv.com\/index.php?rest_route=%2Fwp%2Fv2%2Ftags&post=17460"}],"curies":[{"name":"wp","href":"https:\/\/api.w.org\/{rel}","templated":true}]}}